{"id":18513,"date":"2025-04-09T08:25:37","date_gmt":"2025-04-09T06:25:37","guid":{"rendered":"https:\/\/zs3.rybnik.pl\/www\/?p=18513"},"modified":"2025-04-09T08:25:37","modified_gmt":"2025-04-09T06:25:37","slug":"dzien-czytania-dziel-literatury","status":"publish","type":"post","link":"https:\/\/zs3.rybnik.pl\/www\/dzien-czytania-dziel-literatury\/","title":{"rendered":"Dzie\u0144 Czytania Dzie\u0142 Literatury"},"content":{"rendered":"\n<p class=\"wp-block-paragraph\">W czwartek, 27 marca odby\u0142 si\u0119, organizowany przez szkoln\u0105 bibliotek\u0119 ju\u017c po raz 9., Dzie\u0144 Czytania Dzie\u0142 Literatury. Wydarzenie to zgromadzi\u0142o uczni\u00f3w klas 4-6 oraz wybranych klas liceum, nauczycieli oraz mi\u0142o\u015bnik\u00f3w literatury, kt\u00f3rzy wsp\u00f3lnie celebrowali pi\u0119kno s\u0142owa pisanego. <br><br>G\u0142\u00f3wnym punktem programu by\u0142o g\u0142o\u015bne czytanie fragment\u00f3w wybranych ksi\u0105\u017cek. Has\u0142o tegorocznej edycji wydarzenia brzmia\u0142o: &#8222;Z dreszczykiem&#8230;&#8221; Uczniowie mieli okazj\u0119 pozna\u0107 bli\u017cej\u00a0tw\u00f3rczo\u015b\u0107 Stephena Kinga i jego mroczn\u0105 powie\u015b\u0107 \u201eCm\u0119tarz zwie\u017c\u0105t &#8211; fragmenty tego dzie\u0142a zaprezentowali &#8211; Nikola Popio\u0142kiewicz (IVE) i Tomasz Mielczarek (IIH). Z kolei Antonina Toszek (IID) i Apolonia Lewandowska (IID) wprowadzi\u0142y uczestnik\u00f3w w \u015bwiat bohater\u00f3w \u201eSzko\u0142y Strachu\u201d Gitty Daneshvari.\u00a0<br><br>Nast\u0119pnie uwa\u017cni s\u0142uchacze mieli okazj\u0119 zmierzy\u0107 si\u0119 z testem, dotycz\u0105cym przeczytanych fragment\u00f3w utwor\u00f3w i biografii S. Kinga. <br><br>Ca\u0142o\u015b\u0107 poprowadzi\u0142y uczennice \u0141ucja Wojaczek (IID) i Martyna Urz\u0119dnik (IIF) wed\u0142ug przygotowanego przez bibliotekarki scenariusza i prezentacji. Prezenterki wspomaga\u0142a Hanna Wierzbicka (IID) odpowiedzialna za wy\u015bwietlenie prezentacji multimedialnej. <br><br>Wydarzenie by\u0142o te\u017c okazj\u0105 do uroczystego og\u0142oszenia wynik\u00f3w wcze\u015bniej przeprowadzonych konkurs\u00f3w: &#8222;Kocie opowie\u015bci&#8221; (konkurs na opowiadanie <br>o kocie), konkursu na autorski projekt zak\u0142adki do ksi\u0105\u017cki oraz konkursu na autorski projekt ok\u0142adki do ksi\u0105\u017cki &#8222;Czytam-Polecam&#8221;.<br>Zwyci\u0119zcy opr\u00f3cz dyplom\u00f3w otrzymali nagrody w postaci bon\u00f3w do ksi\u0119garni lub ksi\u0105\u017cek ufundowane przez Rad\u0119 Rodzicow.<br><br>Bibliotekarki wraz z dyrekcj\u0105 szko\u0142y uhonorowa\u0142y te\u017c podzi\u0119kowaniami tegorocznych darczy\u0144c\u00f3w, kt\u00f3rzy przyczynili si\u0119 do wzbogacenia ksi\u0119gozbioru Biblioteki Szkolnej ZS 3. Biblioteka zyska\u0142a w ten spos\u00f3b ponad 120 ksi\u0105\u017cek dla dzieci i m\u0142odzie\u017cy.<br><br>Ca\u0142\u0105 imprez\u0119 zaplanowa\u0142y i przygotowa\u0142y panie bibliotekarki, kt\u00f3re tak\u017ce czuwa\u0142y nad przygotowaniem uczni\u00f3w do pi\u0119knego czytania. Wspaniale pomogli ch\u0119tni uczniowie VLO z klas IID, IIF, IIH i IVE.<br><br>Dzie\u0144 Czytania by\u0142 doskona\u0142\u0105 okazj\u0105 do promocji czytelnictwa w\u015br\u00f3d uczni\u00f3w oraz do integracji spo\u0142eczno\u015bci szkolnej wok\u00f3\u0142 wsp\u00f3lnej pasji, jak\u0105 jest literatura.<\/p>\n\n\n\nngg_shortcode_0_placeholder\n\n\n\n<p class=\"wp-block-paragraph\"><a href=\"https:\/\/www.facebook.com\/photo\/?fbid=1199638595283022&amp;set=pcb.1199641285282753\" target=\"_blank\" rel=\"noreferrer noopener\">Pe\u0142na fotorelacja<\/a><\/p>\n","protected":false},"excerpt":{"rendered":"<p>W czwartek, 27 marca odby\u0142 si\u0119, organizowany przez szkoln\u0105 bibliotek\u0119 ju\u017c po raz 9., Dzie\u0144 Czytania Dzie\u0142 Literatury. Wydarzenie to zgromadzi\u0142o uczni\u00f3w klas 4-6 oraz wybranych klas liceum, nauczycieli oraz mi\u0142o\u015bnik\u00f3w literatury, kt\u00f3rzy wsp\u00f3lnie celebrowali pi\u0119kno s\u0142owa pisanego. G\u0142\u00f3wnym punktem programu by\u0142o g\u0142o\u015bne czytanie fragment\u00f3w wybranych ksi\u0105\u017cek. Has\u0142o tegorocznej edycji wydarzenia brzmia\u0142o: &#8222;Z dreszczykiem&#8230;&#8221; Uczniowie<a href=\"https:\/\/zs3.rybnik.pl\/www\/dzien-czytania-dziel-literatury\/\">Continue reading <span class=\"sr-only\">&#8222;Dzie\u0144 Czytania Dzie\u0142 Literatury&#8221;<\/span><\/a><\/p>\n","protected":false},"author":4,"featured_media":0,"comment_status":"open","ping_status":"open","sticky":false,"template":"","format":"standard","meta":{"_acf_changed":false,"ngg_post_thumbnail":0,"footnotes":""},"categories":[7],"tags":[],"class_list":["post-18513","post","type-post","status-publish","format-standard","hentry","category-nowosci"],"acf":[],"yoast_head":"<!-- This site is optimized with the Yoast SEO plugin v28.2 - https:\/\/yoast.com\/product\/yoast-seo-wordpress\/ -->\n<title>Dzie\u0144 Czytania Dzie\u0142 Literatury - Zesp\u00f3\u0142 Szk\u00f3\u0142 nr 3 w Rybniku<\/title>\n<meta name=\"robots\" content=\"index, follow, max-snippet:-1, max-image-preview:large, max-video-preview:-1\" \/>\n<link rel=\"canonical\" href=\"https:\/\/zs3.rybnik.pl\/www\/dzien-czytania-dziel-literatury\/\" \/>\n<meta property=\"og:locale\" content=\"pl_PL\" \/>\n<meta property=\"og:type\" content=\"article\" \/>\n<meta property=\"og:title\" content=\"Dzie\u0144 Czytania Dzie\u0142 Literatury - Zesp\u00f3\u0142 Szk\u00f3\u0142 nr 3 w Rybniku\" \/>\n<meta property=\"og:description\" content=\"W czwartek, 27 marca odby\u0142 si\u0119, organizowany przez szkoln\u0105 bibliotek\u0119 ju\u017c po raz 9., Dzie\u0144 Czytania Dzie\u0142 Literatury. Wydarzenie to zgromadzi\u0142o uczni\u00f3w klas 4-6 oraz wybranych klas liceum, nauczycieli oraz mi\u0142o\u015bnik\u00f3w literatury, kt\u00f3rzy wsp\u00f3lnie celebrowali pi\u0119kno s\u0142owa pisanego. G\u0142\u00f3wnym punktem programu by\u0142o g\u0142o\u015bne czytanie fragment\u00f3w wybranych ksi\u0105\u017cek. Has\u0142o tegorocznej edycji wydarzenia brzmia\u0142o: &#8222;Z dreszczykiem&#8230;&#8221; UczniowieContinue reading &quot;Dzie\u0144 Czytania Dzie\u0142 Literatury&quot;\" \/>\n<meta property=\"og:url\" content=\"https:\/\/zs3.rybnik.pl\/www\/dzien-czytania-dziel-literatury\/\" \/>\n<meta property=\"og:site_name\" content=\"Zesp\u00f3\u0142 Szk\u00f3\u0142 nr 3 w Rybniku\" \/>\n<meta property=\"article:published_time\" content=\"2025-04-09T06:25:37+00:00\" \/>\n<meta name=\"author\" content=\"Joanna Poralla-Bajor\" \/>\n<meta name=\"twitter:card\" content=\"summary_large_image\" \/>\n<meta name=\"twitter:label1\" content=\"Napisane przez\" \/>\n\t<meta name=\"twitter:data1\" content=\"Joanna Poralla-Bajor\" \/>\n\t<meta name=\"twitter:label2\" content=\"Szacowany czas czytania\" \/>\n\t<meta name=\"twitter:data2\" content=\"2 minuty\" \/>\n<script type=\"application\/ld+json\" class=\"yoast-schema-graph\">{\"@context\":\"https:\\\/\\\/schema.org\",\"@graph\":[{\"@type\":\"Article\",\"@id\":\"https:\\\/\\\/zs3.rybnik.pl\\\/www\\\/dzien-czytania-dziel-literatury\\\/#article\",\"isPartOf\":{\"@id\":\"https:\\\/\\\/zs3.rybnik.pl\\\/www\\\/dzien-czytania-dziel-literatury\\\/\"},\"author\":{\"name\":\"Joanna Poralla-Bajor\",\"@id\":\"https:\\\/\\\/zs3.rybnik.pl\\\/www\\\/#\\\/schema\\\/person\\\/6e1987809e14ea7a3d6f93cbfcc56cb8\"},\"headline\":\"Dzie\u0144 Czytania Dzie\u0142 Literatury\",\"datePublished\":\"2025-04-09T06:25:37+00:00\",\"mainEntityOfPage\":{\"@id\":\"https:\\\/\\\/zs3.rybnik.pl\\\/www\\\/dzien-czytania-dziel-literatury\\\/\"},\"wordCount\":371,\"commentCount\":0,\"publisher\":{\"@id\":\"https:\\\/\\\/zs3.rybnik.pl\\\/www\\\/#organization\"},\"articleSection\":[\"Nowo\u015bci\"],\"inLanguage\":\"pl-PL\"},{\"@type\":\"WebPage\",\"@id\":\"https:\\\/\\\/zs3.rybnik.pl\\\/www\\\/dzien-czytania-dziel-literatury\\\/\",\"url\":\"https:\\\/\\\/zs3.rybnik.pl\\\/www\\\/dzien-czytania-dziel-literatury\\\/\",\"name\":\"Dzie\u0144 Czytania Dzie\u0142 Literatury - Zesp\u00f3\u0142 Szk\u00f3\u0142 nr 3 w Rybniku\",\"isPartOf\":{\"@id\":\"https:\\\/\\\/zs3.rybnik.pl\\\/www\\\/#website\"},\"datePublished\":\"2025-04-09T06:25:37+00:00\",\"breadcrumb\":{\"@id\":\"https:\\\/\\\/zs3.rybnik.pl\\\/www\\\/dzien-czytania-dziel-literatury\\\/#breadcrumb\"},\"inLanguage\":\"pl-PL\",\"potentialAction\":[{\"@type\":\"ReadAction\",\"target\":[\"https:\\\/\\\/zs3.rybnik.pl\\\/www\\\/dzien-czytania-dziel-literatury\\\/\"]}]},{\"@type\":\"BreadcrumbList\",\"@id\":\"https:\\\/\\\/zs3.rybnik.pl\\\/www\\\/dzien-czytania-dziel-literatury\\\/#breadcrumb\",\"itemListElement\":[{\"@type\":\"ListItem\",\"position\":1,\"name\":\"Strona g\u0142\u00f3wna\",\"item\":\"https:\\\/\\\/zs3.rybnik.pl\\\/www\\\/\"},{\"@type\":\"ListItem\",\"position\":2,\"name\":\"Dzie\u0144 Czytania Dzie\u0142 Literatury\"}]},{\"@type\":\"WebSite\",\"@id\":\"https:\\\/\\\/zs3.rybnik.pl\\\/www\\\/#website\",\"url\":\"https:\\\/\\\/zs3.rybnik.pl\\\/www\\\/\",\"name\":\"Zesp\u00f3\u0142 Szk\u00f3\u0142 nr 3 w Rybniku\",\"description\":\"Z pasj\u0105 do wiedzy, z odwag\u0105 w przysz\u0142o\u015b\u0107.\",\"publisher\":{\"@id\":\"https:\\\/\\\/zs3.rybnik.pl\\\/www\\\/#organization\"},\"potentialAction\":[{\"@type\":\"SearchAction\",\"target\":{\"@type\":\"EntryPoint\",\"urlTemplate\":\"https:\\\/\\\/zs3.rybnik.pl\\\/www\\\/?s={search_term_string}\"},\"query-input\":{\"@type\":\"PropertyValueSpecification\",\"valueRequired\":true,\"valueName\":\"search_term_string\"}}],\"inLanguage\":\"pl-PL\"},{\"@type\":\"Organization\",\"@id\":\"https:\\\/\\\/zs3.rybnik.pl\\\/www\\\/#organization\",\"name\":\"Zesp\u00f3\u0142 Szk\u00f3\u0142 nr 3 w Rybniku\",\"url\":\"https:\\\/\\\/zs3.rybnik.pl\\\/www\\\/\",\"logo\":{\"@type\":\"ImageObject\",\"inLanguage\":\"pl-PL\",\"@id\":\"https:\\\/\\\/zs3.rybnik.pl\\\/www\\\/#\\\/schema\\\/logo\\\/image\\\/\",\"url\":\"https:\\\/\\\/zs3.rybnik.pl\\\/www\\\/wp-content\\\/uploads\\\/2026\\\/06\\\/logo-ZS3-1.jpg\",\"contentUrl\":\"https:\\\/\\\/zs3.rybnik.pl\\\/www\\\/wp-content\\\/uploads\\\/2026\\\/06\\\/logo-ZS3-1.jpg\",\"width\":1182,\"height\":1182,\"caption\":\"Zesp\u00f3\u0142 Szk\u00f3\u0142 nr 3 w Rybniku\"},\"image\":{\"@id\":\"https:\\\/\\\/zs3.rybnik.pl\\\/www\\\/#\\\/schema\\\/logo\\\/image\\\/\"}},{\"@type\":\"Person\",\"@id\":\"https:\\\/\\\/zs3.rybnik.pl\\\/www\\\/#\\\/schema\\\/person\\\/6e1987809e14ea7a3d6f93cbfcc56cb8\",\"name\":\"Joanna Poralla-Bajor\",\"image\":{\"@type\":\"ImageObject\",\"inLanguage\":\"pl-PL\",\"@id\":\"https:\\\/\\\/secure.gravatar.com\\\/avatar\\\/dabe45932ac3b66fc9fc3a27d586849e340ca1df8e9e5aa6f243e672b28393d1?s=96&d=mm&r=g\",\"url\":\"https:\\\/\\\/secure.gravatar.com\\\/avatar\\\/dabe45932ac3b66fc9fc3a27d586849e340ca1df8e9e5aa6f243e672b28393d1?s=96&d=mm&r=g\",\"contentUrl\":\"https:\\\/\\\/secure.gravatar.com\\\/avatar\\\/dabe45932ac3b66fc9fc3a27d586849e340ca1df8e9e5aa6f243e672b28393d1?s=96&d=mm&r=g\",\"caption\":\"Joanna Poralla-Bajor\"},\"url\":\"https:\\\/\\\/zs3.rybnik.pl\\\/www\\\/author\\\/joanna-poralla-bajor\\\/\"}]}<\/script>\n<!-- \/ Yoast SEO plugin. -->","yoast_head_json":{"title":"Dzie\u0144 Czytania Dzie\u0142 Literatury - Zesp\u00f3\u0142 Szk\u00f3\u0142 nr 3 w Rybniku","robots":{"index":"index","follow":"follow","max-snippet":"max-snippet:-1","max-image-preview":"max-image-preview:large","max-video-preview":"max-video-preview:-1"},"canonical":"https:\/\/zs3.rybnik.pl\/www\/dzien-czytania-dziel-literatury\/","og_locale":"pl_PL","og_type":"article","og_title":"Dzie\u0144 Czytania Dzie\u0142 Literatury - Zesp\u00f3\u0142 Szk\u00f3\u0142 nr 3 w Rybniku","og_description":"W czwartek, 27 marca odby\u0142 si\u0119, organizowany przez szkoln\u0105 bibliotek\u0119 ju\u017c po raz 9., Dzie\u0144 Czytania Dzie\u0142 Literatury. Wydarzenie to zgromadzi\u0142o uczni\u00f3w klas 4-6 oraz wybranych klas liceum, nauczycieli oraz mi\u0142o\u015bnik\u00f3w literatury, kt\u00f3rzy wsp\u00f3lnie celebrowali pi\u0119kno s\u0142owa pisanego. G\u0142\u00f3wnym punktem programu by\u0142o g\u0142o\u015bne czytanie fragment\u00f3w wybranych ksi\u0105\u017cek. Has\u0142o tegorocznej edycji wydarzenia brzmia\u0142o: &#8222;Z dreszczykiem&#8230;&#8221; UczniowieContinue reading \"Dzie\u0144 Czytania Dzie\u0142 Literatury\"","og_url":"https:\/\/zs3.rybnik.pl\/www\/dzien-czytania-dziel-literatury\/","og_site_name":"Zesp\u00f3\u0142 Szk\u00f3\u0142 nr 3 w Rybniku","article_published_time":"2025-04-09T06:25:37+00:00","author":"Joanna Poralla-Bajor","twitter_card":"summary_large_image","twitter_misc":{"Napisane przez":"Joanna Poralla-Bajor","Szacowany czas czytania":"2 minuty"},"schema":{"@context":"https:\/\/schema.org","@graph":[{"@type":"Article","@id":"https:\/\/zs3.rybnik.pl\/www\/dzien-czytania-dziel-literatury\/#article","isPartOf":{"@id":"https:\/\/zs3.rybnik.pl\/www\/dzien-czytania-dziel-literatury\/"},"author":{"name":"Joanna Poralla-Bajor","@id":"https:\/\/zs3.rybnik.pl\/www\/#\/schema\/person\/6e1987809e14ea7a3d6f93cbfcc56cb8"},"headline":"Dzie\u0144 Czytania Dzie\u0142 Literatury","datePublished":"2025-04-09T06:25:37+00:00","mainEntityOfPage":{"@id":"https:\/\/zs3.rybnik.pl\/www\/dzien-czytania-dziel-literatury\/"},"wordCount":371,"commentCount":0,"publisher":{"@id":"https:\/\/zs3.rybnik.pl\/www\/#organization"},"articleSection":["Nowo\u015bci"],"inLanguage":"pl-PL"},{"@type":"WebPage","@id":"https:\/\/zs3.rybnik.pl\/www\/dzien-czytania-dziel-literatury\/","url":"https:\/\/zs3.rybnik.pl\/www\/dzien-czytania-dziel-literatury\/","name":"Dzie\u0144 Czytania Dzie\u0142 Literatury - Zesp\u00f3\u0142 Szk\u00f3\u0142 nr 3 w Rybniku","isPartOf":{"@id":"https:\/\/zs3.rybnik.pl\/www\/#website"},"datePublished":"2025-04-09T06:25:37+00:00","breadcrumb":{"@id":"https:\/\/zs3.rybnik.pl\/www\/dzien-czytania-dziel-literatury\/#breadcrumb"},"inLanguage":"pl-PL","potentialAction":[{"@type":"ReadAction","target":["https:\/\/zs3.rybnik.pl\/www\/dzien-czytania-dziel-literatury\/"]}]},{"@type":"BreadcrumbList","@id":"https:\/\/zs3.rybnik.pl\/www\/dzien-czytania-dziel-literatury\/#breadcrumb","itemListElement":[{"@type":"ListItem","position":1,"name":"Strona g\u0142\u00f3wna","item":"https:\/\/zs3.rybnik.pl\/www\/"},{"@type":"ListItem","position":2,"name":"Dzie\u0144 Czytania Dzie\u0142 Literatury"}]},{"@type":"WebSite","@id":"https:\/\/zs3.rybnik.pl\/www\/#website","url":"https:\/\/zs3.rybnik.pl\/www\/","name":"Zesp\u00f3\u0142 Szk\u00f3\u0142 nr 3 w Rybniku","description":"Z pasj\u0105 do wiedzy, z odwag\u0105 w przysz\u0142o\u015b\u0107.","publisher":{"@id":"https:\/\/zs3.rybnik.pl\/www\/#organization"},"potentialAction":[{"@type":"SearchAction","target":{"@type":"EntryPoint","urlTemplate":"https:\/\/zs3.rybnik.pl\/www\/?s={search_term_string}"},"query-input":{"@type":"PropertyValueSpecification","valueRequired":true,"valueName":"search_term_string"}}],"inLanguage":"pl-PL"},{"@type":"Organization","@id":"https:\/\/zs3.rybnik.pl\/www\/#organization","name":"Zesp\u00f3\u0142 Szk\u00f3\u0142 nr 3 w Rybniku","url":"https:\/\/zs3.rybnik.pl\/www\/","logo":{"@type":"ImageObject","inLanguage":"pl-PL","@id":"https:\/\/zs3.rybnik.pl\/www\/#\/schema\/logo\/image\/","url":"https:\/\/zs3.rybnik.pl\/www\/wp-content\/uploads\/2026\/06\/logo-ZS3-1.jpg","contentUrl":"https:\/\/zs3.rybnik.pl\/www\/wp-content\/uploads\/2026\/06\/logo-ZS3-1.jpg","width":1182,"height":1182,"caption":"Zesp\u00f3\u0142 Szk\u00f3\u0142 nr 3 w Rybniku"},"image":{"@id":"https:\/\/zs3.rybnik.pl\/www\/#\/schema\/logo\/image\/"}},{"@type":"Person","@id":"https:\/\/zs3.rybnik.pl\/www\/#\/schema\/person\/6e1987809e14ea7a3d6f93cbfcc56cb8","name":"Joanna Poralla-Bajor","image":{"@type":"ImageObject","inLanguage":"pl-PL","@id":"https:\/\/secure.gravatar.com\/avatar\/dabe45932ac3b66fc9fc3a27d586849e340ca1df8e9e5aa6f243e672b28393d1?s=96&d=mm&r=g","url":"https:\/\/secure.gravatar.com\/avatar\/dabe45932ac3b66fc9fc3a27d586849e340ca1df8e9e5aa6f243e672b28393d1?s=96&d=mm&r=g","contentUrl":"https:\/\/secure.gravatar.com\/avatar\/dabe45932ac3b66fc9fc3a27d586849e340ca1df8e9e5aa6f243e672b28393d1?s=96&d=mm&r=g","caption":"Joanna Poralla-Bajor"},"url":"https:\/\/zs3.rybnik.pl\/www\/author\/joanna-poralla-bajor\/"}]}},"_links":{"self":[{"href":"https:\/\/zs3.rybnik.pl\/www\/wp-json\/wp\/v2\/posts\/18513","targetHints":{"allow":["GET"]}}],"collection":[{"href":"https:\/\/zs3.rybnik.pl\/www\/wp-json\/wp\/v2\/posts"}],"about":[{"href":"https:\/\/zs3.rybnik.pl\/www\/wp-json\/wp\/v2\/types\/post"}],"author":[{"embeddable":true,"href":"https:\/\/zs3.rybnik.pl\/www\/wp-json\/wp\/v2\/users\/4"}],"replies":[{"embeddable":true,"href":"https:\/\/zs3.rybnik.pl\/www\/wp-json\/wp\/v2\/comments?post=18513"}],"version-history":[{"count":0,"href":"https:\/\/zs3.rybnik.pl\/www\/wp-json\/wp\/v2\/posts\/18513\/revisions"}],"wp:attachment":[{"href":"https:\/\/zs3.rybnik.pl\/www\/wp-json\/wp\/v2\/media?parent=18513"}],"wp:term":[{"taxonomy":"category","embeddable":true,"href":"https:\/\/zs3.rybnik.pl\/www\/wp-json\/wp\/v2\/categories?post=18513"},{"taxonomy":"post_tag","embeddable":true,"href":"https:\/\/zs3.rybnik.pl\/www\/wp-json\/wp\/v2\/tags?post=18513"}],"curies":[{"name":"wp","href":"https:\/\/api.w.org\/{rel}","templated":true}]}}