{"id":18679,"date":"2025-04-22T21:19:00","date_gmt":"2025-04-22T19:19:00","guid":{"rendered":"https:\/\/zs3.rybnik.pl\/www\/?p=18679"},"modified":"2025-04-22T21:19:00","modified_gmt":"2025-04-22T19:19:00","slug":"relacja-z-dnia-czytania-dziel-literatury-dla-klas-1-3-sp","status":"publish","type":"post","link":"https:\/\/zs3.rybnik.pl\/www\/relacja-z-dnia-czytania-dziel-literatury-dla-klas-1-3-sp\/","title":{"rendered":"Relacja z Dnia Czytania Dzie\u0142 Literatury dla klas 1-3 SP"},"content":{"rendered":"\n<p class=\"wp-block-paragraph\">10 kwietnia w naszej szkole odby\u0142o si\u0119 wyj\u0105tkowe wydarzenie po\u015bwi\u0119cone literaturze dzieci\u0119cej. Dzie\u0144 ten up\u0142yn\u0105\u0142 pod znakiem magicznych opowie\u015bci Hansa Christiana Andersena, braci Grimm\u00f3w i Charlesa Perraulta. Uczniowie klas I-III SP31, dla kt\u00f3rych Biblioteka szkolna zorganizowa\u0142a ten dzie\u0144, <br>z entuzjazmem wzi\u0119li udzia\u0142 w przygotowanych atrakcjach, kt\u00f3re mia\u0142y na celu rozbudzi\u0107 ich wyobra\u017ani\u0119 i zach\u0119ci\u0107 do dalszego odkrywania \u015bwiata ksi\u0105\u017cek. <br><br>Wydarzenie uroczy\u015bcie otworzy\u0142a pani wicedyrektor Agnieszka Miera, natomiast w \u015bwiat ba\u015bni przenios\u0142a zgromadzonych czarodziejka Martyna. Uczniowie poznali bli\u017cej tw\u00f3rczo\u015b\u0107 H.Ch. Andersena. Z zainteresowaniem wys\u0142uchali ba\u015bni &#8222;Ksi\u0119\u017cniczka na ziarnku grochu&#8221;. Nast\u0119pnie zostali zaproszeni do udzia\u0142u w ekscytuj\u0105cej grze terenowej \u201eBa\u015bniowe tajemnice\u201d, kt\u00f3rej trasa wiod\u0142a przez dziewi\u0119\u0107 stanowisk. <br><br>Ka\u017cda klasa zosta\u0142a podzielona na trzy grupy. Zadaniem ka\u017cdej by\u0142o rozwi\u0105zywanie zagadek inspirowanych znanymi opowie\u015bciami, tj. \u201eKot w butach\u201d, \u201eKr\u00f3lewna \u015anie\u017cka\u201d, &#8222;Ja\u015b i Ma\u0142gosia&#8221;, &#8222;\u015api\u0105ca Kr\u00f3lewna&#8221;, &#8222;Kopciuszek&#8221;, \u201eKsi\u0119\u017cniczka na ziarnku grochu\u201d. Uczestnicy uk\u0142adali puzzle, \u0142amig\u0142\u00f3wki, rozsypanki wyrazowe, rozpoznawali ba\u015bnie na podstawie rekwizyt\u00f3w ukrytych w magicznych pud\u0142ach, odpowiadali na pytania dotycz\u0105ce tre\u015bci wys\u0142uchanej opowie\u015bci, musieli te\u017c wykaza\u0107 si\u0119 znajomo\u015bci\u0105 alfabetu. Uczniowie z zapa\u0142em anga\u017cowali si\u0119 w ka\u017cde zadanie, wykazuj\u0105c si\u0119 wiedz\u0105 na temat ba\u015bni, umiej\u0119tno\u015bci\u0105 logicznego my\u015blenia i pracy zespo\u0142owej. Rado\u015b\u0107 odkrywania kolejnych wskaz\u00f3wek i rozwi\u0105zywania zagadek by\u0142a ogromna, <br>a najbardziej ekscytuj\u0105cym zadaniem by\u0142a pr\u00f3ba oddzielenia ziaren fasoli od grochu. Nad przebiegiem wykonywanych zada\u0144 czuwali bajkowi bohaterowie, w kt\u00f3rych wcielili si\u0119 uczniowie liceum: Amelia (Aurora), Emilia (\u017cabia kr\u00f3lewna), Tosia (Lord Farquaad), Bartek (ksi\u0105\u017c\u0119 z Kopciuszka), Maja (Kot w Butach), Apolonia (Kr\u00f3lewna \u015anie\u017cka), Martyna (czarodziejka) oraz pani Dominika Diekemper w roli Belli. <br><br>Czas na oczekiwanie wynik\u00f3w gry terenowej umili\u0142o wys\u0142uchanie ba\u015bni \u201eS\u0142owik\u201d. Nast\u0119pnie og\u0142oszono zwyci\u0119sk\u0105 dru\u017cyn\u0119, kt\u00f3r\u0105 okaza\u0142a si\u0119 klasa 2a. Wszystkie zespo\u0142y zosta\u0142y nagrodzone s\u0142odkimi upominkami. <br><br>Dzie\u0144 Czytania by\u0142 te\u017c okazj\u0105 do wr\u0119czenia nagr\u00f3d w konkursach na autorski projekt ok\u0142adki i autorski projekt zak\u0142adki do ksi\u0105\u017cki. Laureaci odebrali pi\u0119kne nagrody ksi\u0105\u017ckowe i pami\u0105tkowe dyplomy. Ponadto panie bibliotekarki podzi\u0119kowa\u0142y uczniom, kt\u00f3rzy wzbogacili ksi\u0119gozbi\u00f3r szkolnej biblioteki \u2013 darczy\u0144cy r\u00f3wnie\u017c otrzymali dyplomy i zestawy pi\u015bmiennicze. <br><br>Dzie\u0144 Czytania okaza\u0142 si\u0119 wspania\u0142\u0105 okazj\u0105 do promocji czytelnictwa <br>i integracji uczni\u00f3w. Poprzez zabaw\u0119 i interaktywne formy uczestnictwa, dzieci mia\u0142y mo\u017cliwo\u015b\u0107 rozwijania swojej wyobra\u017ani, wykazania si\u0119 wiedz\u0105 na temat literatury dzieci\u0119cej i do\u015bwiadczenia sukces\u00f3w. Mamy nadziej\u0119, \u017ce ta zabawa pog\u0142\u0119bi zami\u0142owanie maluch\u00f3w do ksi\u0105\u017cek, utrwali nawyki czytelnicze.<br>Wszystkich uczni\u00f3w zapraszamy do biblioteki szkolnej, nie tylko po lektury.<\/p>\n\n\n\nngg_shortcode_0_placeholder\n\n\n\n<p class=\"wp-block-paragraph\"><a href=\"https:\/\/www.facebook.com\/photo\/?fbid=1209614230952125&amp;set=pcb.1209618034285078\" target=\"_blank\" rel=\"noreferrer noopener\">Pe\u0142na fotorelacja<\/a><\/p>\n","protected":false},"excerpt":{"rendered":"<p>10 kwietnia w naszej szkole odby\u0142o si\u0119 wyj\u0105tkowe wydarzenie po\u015bwi\u0119cone literaturze dzieci\u0119cej. Dzie\u0144 ten up\u0142yn\u0105\u0142 pod znakiem magicznych opowie\u015bci Hansa Christiana Andersena, braci Grimm\u00f3w i Charlesa Perraulta. Uczniowie klas I-III SP31, dla kt\u00f3rych Biblioteka szkolna zorganizowa\u0142a ten dzie\u0144, z entuzjazmem wzi\u0119li udzia\u0142 w przygotowanych atrakcjach, kt\u00f3re mia\u0142y na celu rozbudzi\u0107 ich wyobra\u017ani\u0119 i zach\u0119ci\u0107 do<a href=\"https:\/\/zs3.rybnik.pl\/www\/relacja-z-dnia-czytania-dziel-literatury-dla-klas-1-3-sp\/\">Continue reading <span class=\"sr-only\">&#8222;Relacja z Dnia Czytania Dzie\u0142 Literatury dla klas 1-3 SP&#8221;<\/span><\/a><\/p>\n","protected":false},"author":4,"featured_media":0,"comment_status":"open","ping_status":"open","sticky":false,"template":"","format":"standard","meta":{"_acf_changed":false,"ngg_post_thumbnail":0,"footnotes":""},"categories":[7],"tags":[],"class_list":["post-18679","post","type-post","status-publish","format-standard","hentry","category-nowosci"],"acf":[],"yoast_head":"<!-- This site is optimized with the Yoast SEO plugin v28.2 - https:\/\/yoast.com\/product\/yoast-seo-wordpress\/ -->\n<title>Relacja z Dnia Czytania Dzie\u0142 Literatury dla klas 1-3 SP - Zesp\u00f3\u0142 Szk\u00f3\u0142 nr 3 w Rybniku<\/title>\n<meta name=\"robots\" content=\"index, follow, max-snippet:-1, max-image-preview:large, max-video-preview:-1\" \/>\n<link rel=\"canonical\" href=\"https:\/\/zs3.rybnik.pl\/www\/relacja-z-dnia-czytania-dziel-literatury-dla-klas-1-3-sp\/\" \/>\n<meta property=\"og:locale\" content=\"pl_PL\" \/>\n<meta property=\"og:type\" content=\"article\" \/>\n<meta property=\"og:title\" content=\"Relacja z Dnia Czytania Dzie\u0142 Literatury dla klas 1-3 SP - Zesp\u00f3\u0142 Szk\u00f3\u0142 nr 3 w Rybniku\" \/>\n<meta property=\"og:description\" content=\"10 kwietnia w naszej szkole odby\u0142o si\u0119 wyj\u0105tkowe wydarzenie po\u015bwi\u0119cone literaturze dzieci\u0119cej. Dzie\u0144 ten up\u0142yn\u0105\u0142 pod znakiem magicznych opowie\u015bci Hansa Christiana Andersena, braci Grimm\u00f3w i Charlesa Perraulta. Uczniowie klas I-III SP31, dla kt\u00f3rych Biblioteka szkolna zorganizowa\u0142a ten dzie\u0144, z entuzjazmem wzi\u0119li udzia\u0142 w przygotowanych atrakcjach, kt\u00f3re mia\u0142y na celu rozbudzi\u0107 ich wyobra\u017ani\u0119 i zach\u0119ci\u0107 doContinue reading &quot;Relacja z Dnia Czytania Dzie\u0142 Literatury dla klas 1-3 SP&quot;\" \/>\n<meta property=\"og:url\" content=\"https:\/\/zs3.rybnik.pl\/www\/relacja-z-dnia-czytania-dziel-literatury-dla-klas-1-3-sp\/\" \/>\n<meta property=\"og:site_name\" content=\"Zesp\u00f3\u0142 Szk\u00f3\u0142 nr 3 w Rybniku\" \/>\n<meta property=\"article:published_time\" content=\"2025-04-22T19:19:00+00:00\" \/>\n<meta name=\"author\" content=\"Joanna Poralla-Bajor\" \/>\n<meta name=\"twitter:card\" content=\"summary_large_image\" \/>\n<meta name=\"twitter:label1\" content=\"Napisane przez\" \/>\n\t<meta name=\"twitter:data1\" content=\"Joanna Poralla-Bajor\" \/>\n\t<meta name=\"twitter:label2\" content=\"Szacowany czas czytania\" \/>\n\t<meta name=\"twitter:data2\" content=\"3 minuty\" \/>\n<script type=\"application\/ld+json\" class=\"yoast-schema-graph\">{\"@context\":\"https:\\\/\\\/schema.org\",\"@graph\":[{\"@type\":\"Article\",\"@id\":\"https:\\\/\\\/zs3.rybnik.pl\\\/www\\\/relacja-z-dnia-czytania-dziel-literatury-dla-klas-1-3-sp\\\/#article\",\"isPartOf\":{\"@id\":\"https:\\\/\\\/zs3.rybnik.pl\\\/www\\\/relacja-z-dnia-czytania-dziel-literatury-dla-klas-1-3-sp\\\/\"},\"author\":{\"name\":\"Joanna Poralla-Bajor\",\"@id\":\"https:\\\/\\\/zs3.rybnik.pl\\\/www\\\/#\\\/schema\\\/person\\\/6e1987809e14ea7a3d6f93cbfcc56cb8\"},\"headline\":\"Relacja z Dnia Czytania Dzie\u0142 Literatury dla klas 1-3 SP\",\"datePublished\":\"2025-04-22T19:19:00+00:00\",\"mainEntityOfPage\":{\"@id\":\"https:\\\/\\\/zs3.rybnik.pl\\\/www\\\/relacja-z-dnia-czytania-dziel-literatury-dla-klas-1-3-sp\\\/\"},\"wordCount\":511,\"commentCount\":0,\"publisher\":{\"@id\":\"https:\\\/\\\/zs3.rybnik.pl\\\/www\\\/#organization\"},\"articleSection\":[\"Nowo\u015bci\"],\"inLanguage\":\"pl-PL\"},{\"@type\":\"WebPage\",\"@id\":\"https:\\\/\\\/zs3.rybnik.pl\\\/www\\\/relacja-z-dnia-czytania-dziel-literatury-dla-klas-1-3-sp\\\/\",\"url\":\"https:\\\/\\\/zs3.rybnik.pl\\\/www\\\/relacja-z-dnia-czytania-dziel-literatury-dla-klas-1-3-sp\\\/\",\"name\":\"Relacja z Dnia Czytania Dzie\u0142 Literatury dla klas 1-3 SP - Zesp\u00f3\u0142 Szk\u00f3\u0142 nr 3 w Rybniku\",\"isPartOf\":{\"@id\":\"https:\\\/\\\/zs3.rybnik.pl\\\/www\\\/#website\"},\"datePublished\":\"2025-04-22T19:19:00+00:00\",\"breadcrumb\":{\"@id\":\"https:\\\/\\\/zs3.rybnik.pl\\\/www\\\/relacja-z-dnia-czytania-dziel-literatury-dla-klas-1-3-sp\\\/#breadcrumb\"},\"inLanguage\":\"pl-PL\",\"potentialAction\":[{\"@type\":\"ReadAction\",\"target\":[\"https:\\\/\\\/zs3.rybnik.pl\\\/www\\\/relacja-z-dnia-czytania-dziel-literatury-dla-klas-1-3-sp\\\/\"]}]},{\"@type\":\"BreadcrumbList\",\"@id\":\"https:\\\/\\\/zs3.rybnik.pl\\\/www\\\/relacja-z-dnia-czytania-dziel-literatury-dla-klas-1-3-sp\\\/#breadcrumb\",\"itemListElement\":[{\"@type\":\"ListItem\",\"position\":1,\"name\":\"Strona g\u0142\u00f3wna\",\"item\":\"https:\\\/\\\/zs3.rybnik.pl\\\/www\\\/\"},{\"@type\":\"ListItem\",\"position\":2,\"name\":\"Relacja z Dnia Czytania Dzie\u0142 Literatury dla klas 1-3 SP\"}]},{\"@type\":\"WebSite\",\"@id\":\"https:\\\/\\\/zs3.rybnik.pl\\\/www\\\/#website\",\"url\":\"https:\\\/\\\/zs3.rybnik.pl\\\/www\\\/\",\"name\":\"Zesp\u00f3\u0142 Szk\u00f3\u0142 nr 3 w Rybniku\",\"description\":\"Z pasj\u0105 do wiedzy, z odwag\u0105 w przysz\u0142o\u015b\u0107.\",\"publisher\":{\"@id\":\"https:\\\/\\\/zs3.rybnik.pl\\\/www\\\/#organization\"},\"potentialAction\":[{\"@type\":\"SearchAction\",\"target\":{\"@type\":\"EntryPoint\",\"urlTemplate\":\"https:\\\/\\\/zs3.rybnik.pl\\\/www\\\/?s={search_term_string}\"},\"query-input\":{\"@type\":\"PropertyValueSpecification\",\"valueRequired\":true,\"valueName\":\"search_term_string\"}}],\"inLanguage\":\"pl-PL\"},{\"@type\":\"Organization\",\"@id\":\"https:\\\/\\\/zs3.rybnik.pl\\\/www\\\/#organization\",\"name\":\"Zesp\u00f3\u0142 Szk\u00f3\u0142 nr 3 w Rybniku\",\"url\":\"https:\\\/\\\/zs3.rybnik.pl\\\/www\\\/\",\"logo\":{\"@type\":\"ImageObject\",\"inLanguage\":\"pl-PL\",\"@id\":\"https:\\\/\\\/zs3.rybnik.pl\\\/www\\\/#\\\/schema\\\/logo\\\/image\\\/\",\"url\":\"https:\\\/\\\/zs3.rybnik.pl\\\/www\\\/wp-content\\\/uploads\\\/2026\\\/06\\\/logo-ZS3-1.jpg\",\"contentUrl\":\"https:\\\/\\\/zs3.rybnik.pl\\\/www\\\/wp-content\\\/uploads\\\/2026\\\/06\\\/logo-ZS3-1.jpg\",\"width\":1182,\"height\":1182,\"caption\":\"Zesp\u00f3\u0142 Szk\u00f3\u0142 nr 3 w Rybniku\"},\"image\":{\"@id\":\"https:\\\/\\\/zs3.rybnik.pl\\\/www\\\/#\\\/schema\\\/logo\\\/image\\\/\"}},{\"@type\":\"Person\",\"@id\":\"https:\\\/\\\/zs3.rybnik.pl\\\/www\\\/#\\\/schema\\\/person\\\/6e1987809e14ea7a3d6f93cbfcc56cb8\",\"name\":\"Joanna Poralla-Bajor\",\"image\":{\"@type\":\"ImageObject\",\"inLanguage\":\"pl-PL\",\"@id\":\"https:\\\/\\\/secure.gravatar.com\\\/avatar\\\/dabe45932ac3b66fc9fc3a27d586849e340ca1df8e9e5aa6f243e672b28393d1?s=96&d=mm&r=g\",\"url\":\"https:\\\/\\\/secure.gravatar.com\\\/avatar\\\/dabe45932ac3b66fc9fc3a27d586849e340ca1df8e9e5aa6f243e672b28393d1?s=96&d=mm&r=g\",\"contentUrl\":\"https:\\\/\\\/secure.gravatar.com\\\/avatar\\\/dabe45932ac3b66fc9fc3a27d586849e340ca1df8e9e5aa6f243e672b28393d1?s=96&d=mm&r=g\",\"caption\":\"Joanna Poralla-Bajor\"},\"url\":\"https:\\\/\\\/zs3.rybnik.pl\\\/www\\\/author\\\/joanna-poralla-bajor\\\/\"}]}<\/script>\n<!-- \/ Yoast SEO plugin. -->","yoast_head_json":{"title":"Relacja z Dnia Czytania Dzie\u0142 Literatury dla klas 1-3 SP - Zesp\u00f3\u0142 Szk\u00f3\u0142 nr 3 w Rybniku","robots":{"index":"index","follow":"follow","max-snippet":"max-snippet:-1","max-image-preview":"max-image-preview:large","max-video-preview":"max-video-preview:-1"},"canonical":"https:\/\/zs3.rybnik.pl\/www\/relacja-z-dnia-czytania-dziel-literatury-dla-klas-1-3-sp\/","og_locale":"pl_PL","og_type":"article","og_title":"Relacja z Dnia Czytania Dzie\u0142 Literatury dla klas 1-3 SP - Zesp\u00f3\u0142 Szk\u00f3\u0142 nr 3 w Rybniku","og_description":"10 kwietnia w naszej szkole odby\u0142o si\u0119 wyj\u0105tkowe wydarzenie po\u015bwi\u0119cone literaturze dzieci\u0119cej. Dzie\u0144 ten up\u0142yn\u0105\u0142 pod znakiem magicznych opowie\u015bci Hansa Christiana Andersena, braci Grimm\u00f3w i Charlesa Perraulta. Uczniowie klas I-III SP31, dla kt\u00f3rych Biblioteka szkolna zorganizowa\u0142a ten dzie\u0144, z entuzjazmem wzi\u0119li udzia\u0142 w przygotowanych atrakcjach, kt\u00f3re mia\u0142y na celu rozbudzi\u0107 ich wyobra\u017ani\u0119 i zach\u0119ci\u0107 doContinue reading \"Relacja z Dnia Czytania Dzie\u0142 Literatury dla klas 1-3 SP\"","og_url":"https:\/\/zs3.rybnik.pl\/www\/relacja-z-dnia-czytania-dziel-literatury-dla-klas-1-3-sp\/","og_site_name":"Zesp\u00f3\u0142 Szk\u00f3\u0142 nr 3 w Rybniku","article_published_time":"2025-04-22T19:19:00+00:00","author":"Joanna Poralla-Bajor","twitter_card":"summary_large_image","twitter_misc":{"Napisane przez":"Joanna Poralla-Bajor","Szacowany czas czytania":"3 minuty"},"schema":{"@context":"https:\/\/schema.org","@graph":[{"@type":"Article","@id":"https:\/\/zs3.rybnik.pl\/www\/relacja-z-dnia-czytania-dziel-literatury-dla-klas-1-3-sp\/#article","isPartOf":{"@id":"https:\/\/zs3.rybnik.pl\/www\/relacja-z-dnia-czytania-dziel-literatury-dla-klas-1-3-sp\/"},"author":{"name":"Joanna Poralla-Bajor","@id":"https:\/\/zs3.rybnik.pl\/www\/#\/schema\/person\/6e1987809e14ea7a3d6f93cbfcc56cb8"},"headline":"Relacja z Dnia Czytania Dzie\u0142 Literatury dla klas 1-3 SP","datePublished":"2025-04-22T19:19:00+00:00","mainEntityOfPage":{"@id":"https:\/\/zs3.rybnik.pl\/www\/relacja-z-dnia-czytania-dziel-literatury-dla-klas-1-3-sp\/"},"wordCount":511,"commentCount":0,"publisher":{"@id":"https:\/\/zs3.rybnik.pl\/www\/#organization"},"articleSection":["Nowo\u015bci"],"inLanguage":"pl-PL"},{"@type":"WebPage","@id":"https:\/\/zs3.rybnik.pl\/www\/relacja-z-dnia-czytania-dziel-literatury-dla-klas-1-3-sp\/","url":"https:\/\/zs3.rybnik.pl\/www\/relacja-z-dnia-czytania-dziel-literatury-dla-klas-1-3-sp\/","name":"Relacja z Dnia Czytania Dzie\u0142 Literatury dla klas 1-3 SP - Zesp\u00f3\u0142 Szk\u00f3\u0142 nr 3 w Rybniku","isPartOf":{"@id":"https:\/\/zs3.rybnik.pl\/www\/#website"},"datePublished":"2025-04-22T19:19:00+00:00","breadcrumb":{"@id":"https:\/\/zs3.rybnik.pl\/www\/relacja-z-dnia-czytania-dziel-literatury-dla-klas-1-3-sp\/#breadcrumb"},"inLanguage":"pl-PL","potentialAction":[{"@type":"ReadAction","target":["https:\/\/zs3.rybnik.pl\/www\/relacja-z-dnia-czytania-dziel-literatury-dla-klas-1-3-sp\/"]}]},{"@type":"BreadcrumbList","@id":"https:\/\/zs3.rybnik.pl\/www\/relacja-z-dnia-czytania-dziel-literatury-dla-klas-1-3-sp\/#breadcrumb","itemListElement":[{"@type":"ListItem","position":1,"name":"Strona g\u0142\u00f3wna","item":"https:\/\/zs3.rybnik.pl\/www\/"},{"@type":"ListItem","position":2,"name":"Relacja z Dnia Czytania Dzie\u0142 Literatury dla klas 1-3 SP"}]},{"@type":"WebSite","@id":"https:\/\/zs3.rybnik.pl\/www\/#website","url":"https:\/\/zs3.rybnik.pl\/www\/","name":"Zesp\u00f3\u0142 Szk\u00f3\u0142 nr 3 w Rybniku","description":"Z pasj\u0105 do wiedzy, z odwag\u0105 w przysz\u0142o\u015b\u0107.","publisher":{"@id":"https:\/\/zs3.rybnik.pl\/www\/#organization"},"potentialAction":[{"@type":"SearchAction","target":{"@type":"EntryPoint","urlTemplate":"https:\/\/zs3.rybnik.pl\/www\/?s={search_term_string}"},"query-input":{"@type":"PropertyValueSpecification","valueRequired":true,"valueName":"search_term_string"}}],"inLanguage":"pl-PL"},{"@type":"Organization","@id":"https:\/\/zs3.rybnik.pl\/www\/#organization","name":"Zesp\u00f3\u0142 Szk\u00f3\u0142 nr 3 w Rybniku","url":"https:\/\/zs3.rybnik.pl\/www\/","logo":{"@type":"ImageObject","inLanguage":"pl-PL","@id":"https:\/\/zs3.rybnik.pl\/www\/#\/schema\/logo\/image\/","url":"https:\/\/zs3.rybnik.pl\/www\/wp-content\/uploads\/2026\/06\/logo-ZS3-1.jpg","contentUrl":"https:\/\/zs3.rybnik.pl\/www\/wp-content\/uploads\/2026\/06\/logo-ZS3-1.jpg","width":1182,"height":1182,"caption":"Zesp\u00f3\u0142 Szk\u00f3\u0142 nr 3 w Rybniku"},"image":{"@id":"https:\/\/zs3.rybnik.pl\/www\/#\/schema\/logo\/image\/"}},{"@type":"Person","@id":"https:\/\/zs3.rybnik.pl\/www\/#\/schema\/person\/6e1987809e14ea7a3d6f93cbfcc56cb8","name":"Joanna Poralla-Bajor","image":{"@type":"ImageObject","inLanguage":"pl-PL","@id":"https:\/\/secure.gravatar.com\/avatar\/dabe45932ac3b66fc9fc3a27d586849e340ca1df8e9e5aa6f243e672b28393d1?s=96&d=mm&r=g","url":"https:\/\/secure.gravatar.com\/avatar\/dabe45932ac3b66fc9fc3a27d586849e340ca1df8e9e5aa6f243e672b28393d1?s=96&d=mm&r=g","contentUrl":"https:\/\/secure.gravatar.com\/avatar\/dabe45932ac3b66fc9fc3a27d586849e340ca1df8e9e5aa6f243e672b28393d1?s=96&d=mm&r=g","caption":"Joanna Poralla-Bajor"},"url":"https:\/\/zs3.rybnik.pl\/www\/author\/joanna-poralla-bajor\/"}]}},"_links":{"self":[{"href":"https:\/\/zs3.rybnik.pl\/www\/wp-json\/wp\/v2\/posts\/18679","targetHints":{"allow":["GET"]}}],"collection":[{"href":"https:\/\/zs3.rybnik.pl\/www\/wp-json\/wp\/v2\/posts"}],"about":[{"href":"https:\/\/zs3.rybnik.pl\/www\/wp-json\/wp\/v2\/types\/post"}],"author":[{"embeddable":true,"href":"https:\/\/zs3.rybnik.pl\/www\/wp-json\/wp\/v2\/users\/4"}],"replies":[{"embeddable":true,"href":"https:\/\/zs3.rybnik.pl\/www\/wp-json\/wp\/v2\/comments?post=18679"}],"version-history":[{"count":0,"href":"https:\/\/zs3.rybnik.pl\/www\/wp-json\/wp\/v2\/posts\/18679\/revisions"}],"wp:attachment":[{"href":"https:\/\/zs3.rybnik.pl\/www\/wp-json\/wp\/v2\/media?parent=18679"}],"wp:term":[{"taxonomy":"category","embeddable":true,"href":"https:\/\/zs3.rybnik.pl\/www\/wp-json\/wp\/v2\/categories?post=18679"},{"taxonomy":"post_tag","embeddable":true,"href":"https:\/\/zs3.rybnik.pl\/www\/wp-json\/wp\/v2\/tags?post=18679"}],"curies":[{"name":"wp","href":"https:\/\/api.w.org\/{rel}","templated":true}]}}