{"id":19567,"date":"2025-11-18T17:57:45","date_gmt":"2025-11-18T16:57:45","guid":{"rendered":"https:\/\/zs3.rybnik.pl\/www\/?p=19567"},"modified":"2025-11-18T17:57:46","modified_gmt":"2025-11-18T16:57:46","slug":"chwile-z-tworczoscia-marii-pawlikowskiej-jasnorzewskiej","status":"publish","type":"post","link":"https:\/\/zs3.rybnik.pl\/www\/chwile-z-tworczoscia-marii-pawlikowskiej-jasnorzewskiej\/","title":{"rendered":"Chwile z tw\u00f3rczo\u015bci\u0105 Marii Pawlikowskiej-Jasnorzewskiej"},"content":{"rendered":"\n<p>3 listopada w naszej szkole odby\u0142y si\u0119 eliminacje do Wojew\u00f3dzkiego Konkursu Recytatorskiego (org. Wojew\u00f3dzki O\u015brodek Metodyczny w Rybniku) ,,Wczoraj kwit\u0142o moje serce&#8221;. <br><br>Liceali\u015bci mierzyli si\u0119 z na poz\u00f3r \u0142atw\u0105 poezj\u0105 Patronki Roku 2025. Us\u0142yszeli\u015bmy interpretacje zar\u00f3wno flagowych utwor\u00f3w poetki takie jak <br>np. ,,Ofelia&#8221; czy ,,Czas, krawiec kulawy&#8221; jak r\u00f3wnie\u017c tych mniej znanych <br>np. ,,Argument kosmiczny&#8221;. <br><br>Jury konkursu ocenia\u0142o znajomo\u015b\u0107 tekstu, dykcj\u0119, tempo i intonacj\u0119, interpretacj\u0119 oraz wyraz artystyczny. Wybra\u0142o czworo uczni\u00f3w, kt\u00f3rzy b\u0119d\u0105 reprezentowa\u0107 nasz\u0105 szko\u0142\u0119 w kolejnym etapie: Dawida Glauera, Paulin\u0119 Janosz, Emili\u0119 G\u00f3r\u0119 i Agat\u0119 Bzdziuch. <br><br>Wszystkim serdecznie gratulujemy wyst\u0119p\u00f3w, a zwyci\u0119zcom \u017cyczymy powodzenia w kolejnym etapie!<br><br><\/p>\n\n\n\n<div class=\"wp-block-image\"><figure class=\"aligncenter size-large is-resized\"><img loading=\"lazy\" src=\"https:\/\/zs3.rybnik.pl\/www\/wp-content\/uploads\/2025\/11\/584016375_1439649088162626_6818337385260341243_n-1024x768.jpg\" alt=\"\" class=\"wp-image-19573\" width=\"512\" height=\"384\" srcset=\"https:\/\/zs3.rybnik.pl\/www\/wp-content\/uploads\/2025\/11\/584016375_1439649088162626_6818337385260341243_n-1024x768.jpg 1024w, https:\/\/zs3.rybnik.pl\/www\/wp-content\/uploads\/2025\/11\/584016375_1439649088162626_6818337385260341243_n-300x225.jpg 300w, https:\/\/zs3.rybnik.pl\/www\/wp-content\/uploads\/2025\/11\/584016375_1439649088162626_6818337385260341243_n-768x576.jpg 768w, https:\/\/zs3.rybnik.pl\/www\/wp-content\/uploads\/2025\/11\/584016375_1439649088162626_6818337385260341243_n-1536x1152.jpg 1536w, https:\/\/zs3.rybnik.pl\/www\/wp-content\/uploads\/2025\/11\/584016375_1439649088162626_6818337385260341243_n-159x119.jpg 159w, https:\/\/zs3.rybnik.pl\/www\/wp-content\/uploads\/2025\/11\/584016375_1439649088162626_6818337385260341243_n.jpg 2000w\" sizes=\"(max-width: 512px) 100vw, 512px\" \/><\/figure><\/div>\n","protected":false},"excerpt":{"rendered":"<p>3 listopada w naszej szkole odby\u0142y si\u0119 eliminacje do Wojew\u00f3dzkiego Konkursu Recytatorskiego (org. Wojew\u00f3dzki O\u015brodek Metodyczny w Rybniku) ,,Wczoraj kwit\u0142o moje serce&#8221;. Liceali\u015bci mierzyli si\u0119 z na poz\u00f3r \u0142atw\u0105 poezj\u0105 Patronki Roku 2025. Us\u0142yszeli\u015bmy interpretacje zar\u00f3wno flagowych utwor\u00f3w poetki takie [&hellip;]<\/p>\n","protected":false},"author":7,"featured_media":0,"comment_status":"open","ping_status":"open","sticky":false,"template":"","format":"standard","meta":{"ngg_post_thumbnail":0},"categories":[1],"tags":[],"_links":{"self":[{"href":"https:\/\/zs3.rybnik.pl\/www\/wp-json\/wp\/v2\/posts\/19567"}],"collection":[{"href":"https:\/\/zs3.rybnik.pl\/www\/wp-json\/wp\/v2\/posts"}],"about":[{"href":"https:\/\/zs3.rybnik.pl\/www\/wp-json\/wp\/v2\/types\/post"}],"author":[{"embeddable":true,"href":"https:\/\/zs3.rybnik.pl\/www\/wp-json\/wp\/v2\/users\/7"}],"replies":[{"embeddable":true,"href":"https:\/\/zs3.rybnik.pl\/www\/wp-json\/wp\/v2\/comments?post=19567"}],"version-history":[{"count":7,"href":"https:\/\/zs3.rybnik.pl\/www\/wp-json\/wp\/v2\/posts\/19567\/revisions"}],"predecessor-version":[{"id":19575,"href":"https:\/\/zs3.rybnik.pl\/www\/wp-json\/wp\/v2\/posts\/19567\/revisions\/19575"}],"wp:attachment":[{"href":"https:\/\/zs3.rybnik.pl\/www\/wp-json\/wp\/v2\/media?parent=19567"}],"wp:term":[{"taxonomy":"category","embeddable":true,"href":"https:\/\/zs3.rybnik.pl\/www\/wp-json\/wp\/v2\/categories?post=19567"},{"taxonomy":"post_tag","embeddable":true,"href":"https:\/\/zs3.rybnik.pl\/www\/wp-json\/wp\/v2\/tags?post=19567"}],"curies":[{"name":"wp","href":"https:\/\/api.w.org\/{rel}","templated":true}]}}