{"id":19793,"date":"2026-02-01T08:20:10","date_gmt":"2026-02-01T07:20:10","guid":{"rendered":"https:\/\/zs3.rybnik.pl\/www\/?p=19793"},"modified":"2026-02-01T08:20:11","modified_gmt":"2026-02-01T07:20:11","slug":"uwaga-148","status":"publish","type":"post","link":"https:\/\/zs3.rybnik.pl\/www\/uwaga-148\/","title":{"rendered":"UWAGA!"},"content":{"rendered":"\n<p>W Rybniku rusza mi\u0119dzyszkolna poczta walentynkowa dla uczni\u00f3w szk\u00f3\u0142 \u015brednich. <img loading=\"lazy\" height=\"16\" width=\"16\" alt=\"\u2764\ufe0f\" src=\"https:\/\/static.xx.fbcdn.net\/images\/emoji.php\/v9\/t6c\/1\/16\/2764.png\"> <br><br>Akcj\u0119 organizuje Fundacja Start M\u0142odych we wsp\u00f3\u0142pracy z M\u0142odzie\u017cow\u0105 Rad\u0105 Miasta i Zespo\u0142em Szk\u00f3\u0142 Budowlanych w Rybniku. <br><br>Bior\u0105 udzia\u0142 szko\u0142y: 1LO, 2LO, 4LO, 5LO, ZST, ZSME, ZSEU, ZSB, ZS5, ZS6, ALO, ZSU. <br><br>Jak wys\u0142a\u0107 walentynk\u0119? <br><br>Mo\u017cesz wys\u0142a\u0107 j\u0105 do ucznia dowolnej rybnickiej szko\u0142y bior\u0105cej udzia\u0142. <br>Na kopercie wpisz czytelnie: szko\u0142a \/ klasa \/ imi\u0119 i nazwisko. Przyk\u0142ad: ZSB \/ 4bA \/ Jan Kowalski. Walentynki bez kompletnych danych nie b\u0119d\u0105 dor\u0119czone. <br><br><img loading=\"lazy\" height=\"16\" width=\"16\" alt=\"????\" src=\"https:\/\/static.xx.fbcdn.net\/images\/emoji.php\/v9\/tac\/1\/16\/1f4cc.png\"> Zbieramy walentynki w szko\u0142ach do: 11 lutego 2026<br> <img loading=\"lazy\" height=\"16\" width=\"16\" alt=\"????\" src=\"https:\/\/static.xx.fbcdn.net\/images\/emoji.php\/v9\/tea\/1\/16\/1f4ec.png\"> Rozdanie w szko\u0142ach: 13 lutego 2026 (po segregacji) <br><br><a href=\"http:\/\/rybnikmlodych.pl\/walentynki2026\" target=\"_blank\" rel=\"noreferrer noopener\">Regulamin i wszystkie szczeg\u00f3\u0142y<\/a><br><br><\/p>\n\n\n\n<div class=\"wp-block-image\"><figure class=\"aligncenter size-full is-resized\"><img loading=\"lazy\" src=\"https:\/\/zs3.rybnik.pl\/www\/wp-content\/uploads\/2026\/02\/w6h3Y8W1.jpg\" alt=\"\" class=\"wp-image-19794\" width=\"297\" height=\"371\" srcset=\"https:\/\/zs3.rybnik.pl\/www\/wp-content\/uploads\/2026\/02\/w6h3Y8W1.jpg 360w, https:\/\/zs3.rybnik.pl\/www\/wp-content\/uploads\/2026\/02\/w6h3Y8W1-240x300.jpg 240w, https:\/\/zs3.rybnik.pl\/www\/wp-content\/uploads\/2026\/02\/w6h3Y8W1-127x159.jpg 127w\" sizes=\"(max-width: 297px) 100vw, 297px\" \/><\/figure><\/div>\n","protected":false},"excerpt":{"rendered":"<p>W Rybniku rusza mi\u0119dzyszkolna poczta walentynkowa dla uczni\u00f3w szk\u00f3\u0142 \u015brednich. Akcj\u0119 organizuje Fundacja Start M\u0142odych we wsp\u00f3\u0142pracy z M\u0142odzie\u017cow\u0105 Rad\u0105 Miasta i Zespo\u0142em Szk\u00f3\u0142 Budowlanych w Rybniku. Bior\u0105 udzia\u0142 szko\u0142y: 1LO, 2LO, 4LO, 5LO, ZST, ZSME, ZSEU, ZSB, ZS5, ZS6, [&hellip;]<\/p>\n","protected":false},"author":7,"featured_media":0,"comment_status":"open","ping_status":"open","sticky":false,"template":"","format":"standard","meta":{"ngg_post_thumbnail":0},"categories":[1],"tags":[],"_links":{"self":[{"href":"https:\/\/zs3.rybnik.pl\/www\/wp-json\/wp\/v2\/posts\/19793"}],"collection":[{"href":"https:\/\/zs3.rybnik.pl\/www\/wp-json\/wp\/v2\/posts"}],"about":[{"href":"https:\/\/zs3.rybnik.pl\/www\/wp-json\/wp\/v2\/types\/post"}],"author":[{"embeddable":true,"href":"https:\/\/zs3.rybnik.pl\/www\/wp-json\/wp\/v2\/users\/7"}],"replies":[{"embeddable":true,"href":"https:\/\/zs3.rybnik.pl\/www\/wp-json\/wp\/v2\/comments?post=19793"}],"version-history":[{"count":2,"href":"https:\/\/zs3.rybnik.pl\/www\/wp-json\/wp\/v2\/posts\/19793\/revisions"}],"predecessor-version":[{"id":19796,"href":"https:\/\/zs3.rybnik.pl\/www\/wp-json\/wp\/v2\/posts\/19793\/revisions\/19796"}],"wp:attachment":[{"href":"https:\/\/zs3.rybnik.pl\/www\/wp-json\/wp\/v2\/media?parent=19793"}],"wp:term":[{"taxonomy":"category","embeddable":true,"href":"https:\/\/zs3.rybnik.pl\/www\/wp-json\/wp\/v2\/categories?post=19793"},{"taxonomy":"post_tag","embeddable":true,"href":"https:\/\/zs3.rybnik.pl\/www\/wp-json\/wp\/v2\/tags?post=19793"}],"curies":[{"name":"wp","href":"https:\/\/api.w.org\/{rel}","templated":true}]}}