{"id":22253,"date":"2026-09-03T23:12:16","date_gmt":"2026-09-03T21:12:16","guid":{"rendered":"https:\/\/zs3.rybnik.pl\/www\/?p=22253"},"modified":"2026-09-03T23:17:27","modified_gmt":"2026-09-03T21:17:27","slug":"rusza-szkolna-grupa-teatralna","status":"publish","type":"post","link":"https:\/\/zs3.rybnik.pl\/www\/rusza-szkolna-grupa-teatralna\/","title":{"rendered":"RUSZA SZKOLNA GRUPA TEATRALNA"},"content":{"rendered":"\n<p class=\"wp-block-paragraph\"><strong>Otwieramy scen\u0119 dla uczni\u00f3w klas I\u2013III.<\/strong><\/p>\n\n\n\n<p class=\"wp-block-paragraph\">Ju\u017c w pa\u017adzierniku uczniowie naszego liceum b\u0119d\u0105 mogli wzi\u0105\u0107 udzia\u0142 w cyklicznych zaj\u0119ciach grupy teatralnej. Do udzia\u0142u zaproszeni s\u0105 wszyscy zainteresowani teatrem i tw\u00f3rczym dzia\u0142aniem \u2013 <strong>niezale\u017cnie od wcze\u015bniejszego do\u015bwiadczenia scenicznego<\/strong>.<\/p>\n\n\n\n<p class=\"wp-block-paragraph\">Praca grupy b\u0119dzie opiera\u0142a si\u0119 na <strong>za\u0142o\u017ceniach pedagogiki teatru<\/strong>, dlatego jej celem nie b\u0119dzie wy\u0142\u0105cznie wypracowanie efektu w postaci spektaklu. Istotn\u0105 cz\u0119\u015bci\u0105 zaj\u0119\u0107 stanie si\u0119 sam <strong>proces tw\u00f3rczy<\/strong> \u2013 praca warsztatowa, wsp\u00f3lne poszukiwanie, eksperymentowanie, uruchamianie wyobra\u017ani oraz odkrywanie r\u00f3\u017cnych sposob\u00f3w wyra\u017cania siebie poprzez dzia\u0142ania teatralne.<\/p>\n\n\n\n<p class=\"wp-block-paragraph\">Stawiamy na <strong>integracyjny charakter spotka\u0144<\/strong>! Wsp\u00f3lne dzia\u0142ania teatralne maj\u0105 sprzyja\u0107 budowaniu relacji, rozwijaniu umiej\u0119tno\u015bci komunikacyjnych, prze\u0142amywaniu barier i stereotyp\u00f3w, a tak\u017ce kszta\u0142towaniu empatii i samo\u015bwiadomo\u015bci. Szkolna scena ma sta\u0107 si\u0119 przestrzeni\u0105, w kt\u00f3rej ka\u017cdy uczestnik mo\u017ce znale\u017a\u0107 dla siebie miejsce i wsp\u00f3\u0142tworzy\u0107 j\u0105 na w\u0142asnych zasadach.<\/p>\n\n\n\n<p class=\"wp-block-paragraph\">Pierwsz\u0105 okazj\u0105 do poznania za\u0142o\u017ce\u0144 pracy grupy b\u0119dzie <strong>spotkanie organizacyjne, kt\u00f3re odb\u0119dzie si\u0119 w pi\u0105tek 11 wrze\u015bnia<\/strong>. Szczeg\u00f3\u0142owe informacje dotycz\u0105ce godziny i miejsca spotkania znajduj\u0105 si\u0119 na plakacie.<\/p>\n\n\n\n<p class=\"wp-block-paragraph\">Zapraszamy!<\/p>\n\n\n\n<figure class=\"wp-block-image size-large\"><img loading=\"lazy\" decoding=\"async\" width=\"683\" height=\"1024\" src=\"https:\/\/zs3.rybnik.pl\/www\/wp-content\/uploads\/2026\/09\/plakat_zajecia_teatralne_09_2026-683x1024.jpg\" alt=\"\" class=\"wp-image-22255\" srcset=\"https:\/\/zs3.rybnik.pl\/www\/wp-content\/uploads\/2026\/09\/plakat_zajecia_teatralne_09_2026-683x1024.jpg 683w, https:\/\/zs3.rybnik.pl\/www\/wp-content\/uploads\/2026\/09\/plakat_zajecia_teatralne_09_2026-200x300.jpg 200w, https:\/\/zs3.rybnik.pl\/www\/wp-content\/uploads\/2026\/09\/plakat_zajecia_teatralne_09_2026-768x1152.jpg 768w, https:\/\/zs3.rybnik.pl\/www\/wp-content\/uploads\/2026\/09\/plakat_zajecia_teatralne_09_2026.jpg 1024w\" sizes=\"auto, (max-width: 683px) 100vw, 683px\" \/><\/figure>\n\n\n\n<p class=\"wp-block-paragraph\"><\/p>\n","protected":false},"excerpt":{"rendered":"<p>Otwieramy scen\u0119 dla uczni\u00f3w klas I\u2013III. Ju\u017c w pa\u017adzierniku uczniowie naszego liceum b\u0119d\u0105 mogli wzi\u0105\u0107 udzia\u0142 w cyklicznych zaj\u0119ciach grupy teatralnej. Do udzia\u0142u zaproszeni s\u0105 wszyscy zainteresowani teatrem i tw\u00f3rczym dzia\u0142aniem \u2013 niezale\u017cnie od wcze\u015bniejszego do\u015bwiadczenia scenicznego. Praca grupy b\u0119dzie opiera\u0142a si\u0119 na za\u0142o\u017ceniach pedagogiki teatru, dlatego jej celem nie b\u0119dzie wy\u0142\u0105cznie wypracowanie efektu w<a href=\"https:\/\/zs3.rybnik.pl\/www\/rusza-szkolna-grupa-teatralna\/\">Continue reading <span class=\"sr-only\">&#8222;RUSZA SZKOLNA GRUPA TEATRALNA&#8221;<\/span><\/a><\/p>\n","protected":false},"author":14,"featured_media":22255,"comment_status":"closed","ping_status":"closed","sticky":false,"template":"","format":"standard","meta":{"_acf_changed":false,"ngg_post_thumbnail":0,"footnotes":""},"categories":[1],"tags":[],"class_list":["post-22253","post","type-post","status-publish","format-standard","has-post-thumbnail","hentry","category-bez-kategorii"],"acf":[],"yoast_head":"<!-- This site is optimized with the Yoast SEO plugin v28.2 - https:\/\/yoast.com\/product\/yoast-seo-wordpress\/ -->\n<title>RUSZA SZKOLNA GRUPA TEATRALNA - Zesp\u00f3\u0142 Szk\u00f3\u0142 nr 3 w Rybniku<\/title>\n<meta name=\"robots\" content=\"index, follow, max-snippet:-1, max-image-preview:large, max-video-preview:-1\" \/>\n<link rel=\"canonical\" href=\"https:\/\/zs3.rybnik.pl\/www\/rusza-szkolna-grupa-teatralna\/\" \/>\n<meta property=\"og:locale\" content=\"pl_PL\" \/>\n<meta property=\"og:type\" content=\"article\" \/>\n<meta property=\"og:title\" content=\"RUSZA SZKOLNA GRUPA TEATRALNA - Zesp\u00f3\u0142 Szk\u00f3\u0142 nr 3 w Rybniku\" \/>\n<meta property=\"og:description\" content=\"Otwieramy scen\u0119 dla uczni\u00f3w klas I\u2013III. Ju\u017c w pa\u017adzierniku uczniowie naszego liceum b\u0119d\u0105 mogli wzi\u0105\u0107 udzia\u0142 w cyklicznych zaj\u0119ciach grupy teatralnej. Do udzia\u0142u zaproszeni s\u0105 wszyscy zainteresowani teatrem i tw\u00f3rczym dzia\u0142aniem \u2013 niezale\u017cnie od wcze\u015bniejszego do\u015bwiadczenia scenicznego. Praca grupy b\u0119dzie opiera\u0142a si\u0119 na za\u0142o\u017ceniach pedagogiki teatru, dlatego jej celem nie b\u0119dzie wy\u0142\u0105cznie wypracowanie efektu wContinue reading &quot;RUSZA SZKOLNA GRUPA TEATRALNA&quot;\" \/>\n<meta property=\"og:url\" content=\"https:\/\/zs3.rybnik.pl\/www\/rusza-szkolna-grupa-teatralna\/\" \/>\n<meta property=\"og:site_name\" content=\"Zesp\u00f3\u0142 Szk\u00f3\u0142 nr 3 w Rybniku\" \/>\n<meta property=\"article:published_time\" content=\"2026-09-03T21:12:16+00:00\" \/>\n<meta property=\"article:modified_time\" content=\"2026-09-03T21:17:27+00:00\" \/>\n<meta property=\"og:image\" content=\"https:\/\/zs3.rybnik.pl\/www\/wp-content\/uploads\/2026\/09\/plakat_zajecia_teatralne_09_2026.jpg\" \/>\n\t<meta property=\"og:image:width\" content=\"1024\" \/>\n\t<meta property=\"og:image:height\" content=\"1536\" \/>\n\t<meta property=\"og:image:type\" content=\"image\/jpeg\" \/>\n<meta name=\"author\" content=\"Beata Gramcow\" \/>\n<meta name=\"twitter:card\" content=\"summary_large_image\" \/>\n<meta name=\"twitter:label1\" content=\"Napisane przez\" \/>\n\t<meta name=\"twitter:data1\" content=\"Beata Gramcow\" \/>\n\t<meta name=\"twitter:label2\" content=\"Szacowany czas czytania\" \/>\n\t<meta name=\"twitter:data2\" content=\"2 minuty\" \/>\n<script type=\"application\/ld+json\" class=\"yoast-schema-graph\">{\"@context\":\"https:\\\/\\\/schema.org\",\"@graph\":[{\"@type\":\"Article\",\"@id\":\"https:\\\/\\\/zs3.rybnik.pl\\\/www\\\/rusza-szkolna-grupa-teatralna\\\/#article\",\"isPartOf\":{\"@id\":\"https:\\\/\\\/zs3.rybnik.pl\\\/www\\\/rusza-szkolna-grupa-teatralna\\\/\"},\"author\":{\"name\":\"Beata Gramcow\",\"@id\":\"https:\\\/\\\/zs3.rybnik.pl\\\/www\\\/#\\\/schema\\\/person\\\/af3b49ba5945f7fa77bac700ae4ba4ce\"},\"headline\":\"RUSZA SZKOLNA GRUPA TEATRALNA\",\"datePublished\":\"2026-09-03T21:12:16+00:00\",\"dateModified\":\"2026-09-03T21:17:27+00:00\",\"mainEntityOfPage\":{\"@id\":\"https:\\\/\\\/zs3.rybnik.pl\\\/www\\\/rusza-szkolna-grupa-teatralna\\\/\"},\"wordCount\":207,\"publisher\":{\"@id\":\"https:\\\/\\\/zs3.rybnik.pl\\\/www\\\/#organization\"},\"image\":{\"@id\":\"https:\\\/\\\/zs3.rybnik.pl\\\/www\\\/rusza-szkolna-grupa-teatralna\\\/#primaryimage\"},\"thumbnailUrl\":\"https:\\\/\\\/zs3.rybnik.pl\\\/www\\\/wp-content\\\/uploads\\\/2026\\\/09\\\/plakat_zajecia_teatralne_09_2026.jpg\",\"inLanguage\":\"pl-PL\"},{\"@type\":\"WebPage\",\"@id\":\"https:\\\/\\\/zs3.rybnik.pl\\\/www\\\/rusza-szkolna-grupa-teatralna\\\/\",\"url\":\"https:\\\/\\\/zs3.rybnik.pl\\\/www\\\/rusza-szkolna-grupa-teatralna\\\/\",\"name\":\"RUSZA SZKOLNA GRUPA TEATRALNA - Zesp\u00f3\u0142 Szk\u00f3\u0142 nr 3 w Rybniku\",\"isPartOf\":{\"@id\":\"https:\\\/\\\/zs3.rybnik.pl\\\/www\\\/#website\"},\"primaryImageOfPage\":{\"@id\":\"https:\\\/\\\/zs3.rybnik.pl\\\/www\\\/rusza-szkolna-grupa-teatralna\\\/#primaryimage\"},\"image\":{\"@id\":\"https:\\\/\\\/zs3.rybnik.pl\\\/www\\\/rusza-szkolna-grupa-teatralna\\\/#primaryimage\"},\"thumbnailUrl\":\"https:\\\/\\\/zs3.rybnik.pl\\\/www\\\/wp-content\\\/uploads\\\/2026\\\/09\\\/plakat_zajecia_teatralne_09_2026.jpg\",\"datePublished\":\"2026-09-03T21:12:16+00:00\",\"dateModified\":\"2026-09-03T21:17:27+00:00\",\"breadcrumb\":{\"@id\":\"https:\\\/\\\/zs3.rybnik.pl\\\/www\\\/rusza-szkolna-grupa-teatralna\\\/#breadcrumb\"},\"inLanguage\":\"pl-PL\",\"potentialAction\":[{\"@type\":\"ReadAction\",\"target\":[\"https:\\\/\\\/zs3.rybnik.pl\\\/www\\\/rusza-szkolna-grupa-teatralna\\\/\"]}]},{\"@type\":\"ImageObject\",\"inLanguage\":\"pl-PL\",\"@id\":\"https:\\\/\\\/zs3.rybnik.pl\\\/www\\\/rusza-szkolna-grupa-teatralna\\\/#primaryimage\",\"url\":\"https:\\\/\\\/zs3.rybnik.pl\\\/www\\\/wp-content\\\/uploads\\\/2026\\\/09\\\/plakat_zajecia_teatralne_09_2026.jpg\",\"contentUrl\":\"https:\\\/\\\/zs3.rybnik.pl\\\/www\\\/wp-content\\\/uploads\\\/2026\\\/09\\\/plakat_zajecia_teatralne_09_2026.jpg\",\"width\":1024,\"height\":1536},{\"@type\":\"BreadcrumbList\",\"@id\":\"https:\\\/\\\/zs3.rybnik.pl\\\/www\\\/rusza-szkolna-grupa-teatralna\\\/#breadcrumb\",\"itemListElement\":[{\"@type\":\"ListItem\",\"position\":1,\"name\":\"Strona g\u0142\u00f3wna\",\"item\":\"https:\\\/\\\/zs3.rybnik.pl\\\/www\\\/\"},{\"@type\":\"ListItem\",\"position\":2,\"name\":\"RUSZA SZKOLNA GRUPA TEATRALNA\"}]},{\"@type\":\"WebSite\",\"@id\":\"https:\\\/\\\/zs3.rybnik.pl\\\/www\\\/#website\",\"url\":\"https:\\\/\\\/zs3.rybnik.pl\\\/www\\\/\",\"name\":\"Zesp\u00f3\u0142 Szk\u00f3\u0142 nr 3 w Rybniku\",\"description\":\"Z pasj\u0105 do wiedzy, z odwag\u0105 w przysz\u0142o\u015b\u0107.\",\"publisher\":{\"@id\":\"https:\\\/\\\/zs3.rybnik.pl\\\/www\\\/#organization\"},\"potentialAction\":[{\"@type\":\"SearchAction\",\"target\":{\"@type\":\"EntryPoint\",\"urlTemplate\":\"https:\\\/\\\/zs3.rybnik.pl\\\/www\\\/?s={search_term_string}\"},\"query-input\":{\"@type\":\"PropertyValueSpecification\",\"valueRequired\":true,\"valueName\":\"search_term_string\"}}],\"inLanguage\":\"pl-PL\"},{\"@type\":\"Organization\",\"@id\":\"https:\\\/\\\/zs3.rybnik.pl\\\/www\\\/#organization\",\"name\":\"Zesp\u00f3\u0142 Szk\u00f3\u0142 nr 3 w Rybniku\",\"url\":\"https:\\\/\\\/zs3.rybnik.pl\\\/www\\\/\",\"logo\":{\"@type\":\"ImageObject\",\"inLanguage\":\"pl-PL\",\"@id\":\"https:\\\/\\\/zs3.rybnik.pl\\\/www\\\/#\\\/schema\\\/logo\\\/image\\\/\",\"url\":\"https:\\\/\\\/zs3.rybnik.pl\\\/www\\\/wp-content\\\/uploads\\\/2026\\\/06\\\/logo-ZS3-1.jpg\",\"contentUrl\":\"https:\\\/\\\/zs3.rybnik.pl\\\/www\\\/wp-content\\\/uploads\\\/2026\\\/06\\\/logo-ZS3-1.jpg\",\"width\":1182,\"height\":1182,\"caption\":\"Zesp\u00f3\u0142 Szk\u00f3\u0142 nr 3 w Rybniku\"},\"image\":{\"@id\":\"https:\\\/\\\/zs3.rybnik.pl\\\/www\\\/#\\\/schema\\\/logo\\\/image\\\/\"}},{\"@type\":\"Person\",\"@id\":\"https:\\\/\\\/zs3.rybnik.pl\\\/www\\\/#\\\/schema\\\/person\\\/af3b49ba5945f7fa77bac700ae4ba4ce\",\"name\":\"Beata Gramcow\",\"image\":{\"@type\":\"ImageObject\",\"inLanguage\":\"pl-PL\",\"@id\":\"https:\\\/\\\/secure.gravatar.com\\\/avatar\\\/a66f7ca51eb7924d0f273eacf84d5c7b9745b13846172270d419ff16a4ddee89?s=96&d=mm&r=g\",\"url\":\"https:\\\/\\\/secure.gravatar.com\\\/avatar\\\/a66f7ca51eb7924d0f273eacf84d5c7b9745b13846172270d419ff16a4ddee89?s=96&d=mm&r=g\",\"contentUrl\":\"https:\\\/\\\/secure.gravatar.com\\\/avatar\\\/a66f7ca51eb7924d0f273eacf84d5c7b9745b13846172270d419ff16a4ddee89?s=96&d=mm&r=g\",\"caption\":\"Beata Gramcow\"},\"url\":\"https:\\\/\\\/zs3.rybnik.pl\\\/www\\\/author\\\/beatagramcow\\\/\"}]}<\/script>\n<!-- \/ Yoast SEO plugin. -->","yoast_head_json":{"title":"RUSZA SZKOLNA GRUPA TEATRALNA - Zesp\u00f3\u0142 Szk\u00f3\u0142 nr 3 w Rybniku","robots":{"index":"index","follow":"follow","max-snippet":"max-snippet:-1","max-image-preview":"max-image-preview:large","max-video-preview":"max-video-preview:-1"},"canonical":"https:\/\/zs3.rybnik.pl\/www\/rusza-szkolna-grupa-teatralna\/","og_locale":"pl_PL","og_type":"article","og_title":"RUSZA SZKOLNA GRUPA TEATRALNA - Zesp\u00f3\u0142 Szk\u00f3\u0142 nr 3 w Rybniku","og_description":"Otwieramy scen\u0119 dla uczni\u00f3w klas I\u2013III. Ju\u017c w pa\u017adzierniku uczniowie naszego liceum b\u0119d\u0105 mogli wzi\u0105\u0107 udzia\u0142 w cyklicznych zaj\u0119ciach grupy teatralnej. Do udzia\u0142u zaproszeni s\u0105 wszyscy zainteresowani teatrem i tw\u00f3rczym dzia\u0142aniem \u2013 niezale\u017cnie od wcze\u015bniejszego do\u015bwiadczenia scenicznego. Praca grupy b\u0119dzie opiera\u0142a si\u0119 na za\u0142o\u017ceniach pedagogiki teatru, dlatego jej celem nie b\u0119dzie wy\u0142\u0105cznie wypracowanie efektu wContinue reading \"RUSZA SZKOLNA GRUPA TEATRALNA\"","og_url":"https:\/\/zs3.rybnik.pl\/www\/rusza-szkolna-grupa-teatralna\/","og_site_name":"Zesp\u00f3\u0142 Szk\u00f3\u0142 nr 3 w Rybniku","article_published_time":"2026-09-03T21:12:16+00:00","article_modified_time":"2026-09-03T21:17:27+00:00","og_image":[{"width":1024,"height":1536,"url":"https:\/\/zs3.rybnik.pl\/www\/wp-content\/uploads\/2026\/09\/plakat_zajecia_teatralne_09_2026.jpg","type":"image\/jpeg"}],"author":"Beata Gramcow","twitter_card":"summary_large_image","twitter_misc":{"Napisane przez":"Beata Gramcow","Szacowany czas czytania":"2 minuty"},"schema":{"@context":"https:\/\/schema.org","@graph":[{"@type":"Article","@id":"https:\/\/zs3.rybnik.pl\/www\/rusza-szkolna-grupa-teatralna\/#article","isPartOf":{"@id":"https:\/\/zs3.rybnik.pl\/www\/rusza-szkolna-grupa-teatralna\/"},"author":{"name":"Beata Gramcow","@id":"https:\/\/zs3.rybnik.pl\/www\/#\/schema\/person\/af3b49ba5945f7fa77bac700ae4ba4ce"},"headline":"RUSZA SZKOLNA GRUPA TEATRALNA","datePublished":"2026-09-03T21:12:16+00:00","dateModified":"2026-09-03T21:17:27+00:00","mainEntityOfPage":{"@id":"https:\/\/zs3.rybnik.pl\/www\/rusza-szkolna-grupa-teatralna\/"},"wordCount":207,"publisher":{"@id":"https:\/\/zs3.rybnik.pl\/www\/#organization"},"image":{"@id":"https:\/\/zs3.rybnik.pl\/www\/rusza-szkolna-grupa-teatralna\/#primaryimage"},"thumbnailUrl":"https:\/\/zs3.rybnik.pl\/www\/wp-content\/uploads\/2026\/09\/plakat_zajecia_teatralne_09_2026.jpg","inLanguage":"pl-PL"},{"@type":"WebPage","@id":"https:\/\/zs3.rybnik.pl\/www\/rusza-szkolna-grupa-teatralna\/","url":"https:\/\/zs3.rybnik.pl\/www\/rusza-szkolna-grupa-teatralna\/","name":"RUSZA SZKOLNA GRUPA TEATRALNA - Zesp\u00f3\u0142 Szk\u00f3\u0142 nr 3 w Rybniku","isPartOf":{"@id":"https:\/\/zs3.rybnik.pl\/www\/#website"},"primaryImageOfPage":{"@id":"https:\/\/zs3.rybnik.pl\/www\/rusza-szkolna-grupa-teatralna\/#primaryimage"},"image":{"@id":"https:\/\/zs3.rybnik.pl\/www\/rusza-szkolna-grupa-teatralna\/#primaryimage"},"thumbnailUrl":"https:\/\/zs3.rybnik.pl\/www\/wp-content\/uploads\/2026\/09\/plakat_zajecia_teatralne_09_2026.jpg","datePublished":"2026-09-03T21:12:16+00:00","dateModified":"2026-09-03T21:17:27+00:00","breadcrumb":{"@id":"https:\/\/zs3.rybnik.pl\/www\/rusza-szkolna-grupa-teatralna\/#breadcrumb"},"inLanguage":"pl-PL","potentialAction":[{"@type":"ReadAction","target":["https:\/\/zs3.rybnik.pl\/www\/rusza-szkolna-grupa-teatralna\/"]}]},{"@type":"ImageObject","inLanguage":"pl-PL","@id":"https:\/\/zs3.rybnik.pl\/www\/rusza-szkolna-grupa-teatralna\/#primaryimage","url":"https:\/\/zs3.rybnik.pl\/www\/wp-content\/uploads\/2026\/09\/plakat_zajecia_teatralne_09_2026.jpg","contentUrl":"https:\/\/zs3.rybnik.pl\/www\/wp-content\/uploads\/2026\/09\/plakat_zajecia_teatralne_09_2026.jpg","width":1024,"height":1536},{"@type":"BreadcrumbList","@id":"https:\/\/zs3.rybnik.pl\/www\/rusza-szkolna-grupa-teatralna\/#breadcrumb","itemListElement":[{"@type":"ListItem","position":1,"name":"Strona g\u0142\u00f3wna","item":"https:\/\/zs3.rybnik.pl\/www\/"},{"@type":"ListItem","position":2,"name":"RUSZA SZKOLNA GRUPA TEATRALNA"}]},{"@type":"WebSite","@id":"https:\/\/zs3.rybnik.pl\/www\/#website","url":"https:\/\/zs3.rybnik.pl\/www\/","name":"Zesp\u00f3\u0142 Szk\u00f3\u0142 nr 3 w Rybniku","description":"Z pasj\u0105 do wiedzy, z odwag\u0105 w przysz\u0142o\u015b\u0107.","publisher":{"@id":"https:\/\/zs3.rybnik.pl\/www\/#organization"},"potentialAction":[{"@type":"SearchAction","target":{"@type":"EntryPoint","urlTemplate":"https:\/\/zs3.rybnik.pl\/www\/?s={search_term_string}"},"query-input":{"@type":"PropertyValueSpecification","valueRequired":true,"valueName":"search_term_string"}}],"inLanguage":"pl-PL"},{"@type":"Organization","@id":"https:\/\/zs3.rybnik.pl\/www\/#organization","name":"Zesp\u00f3\u0142 Szk\u00f3\u0142 nr 3 w Rybniku","url":"https:\/\/zs3.rybnik.pl\/www\/","logo":{"@type":"ImageObject","inLanguage":"pl-PL","@id":"https:\/\/zs3.rybnik.pl\/www\/#\/schema\/logo\/image\/","url":"https:\/\/zs3.rybnik.pl\/www\/wp-content\/uploads\/2026\/06\/logo-ZS3-1.jpg","contentUrl":"https:\/\/zs3.rybnik.pl\/www\/wp-content\/uploads\/2026\/06\/logo-ZS3-1.jpg","width":1182,"height":1182,"caption":"Zesp\u00f3\u0142 Szk\u00f3\u0142 nr 3 w Rybniku"},"image":{"@id":"https:\/\/zs3.rybnik.pl\/www\/#\/schema\/logo\/image\/"}},{"@type":"Person","@id":"https:\/\/zs3.rybnik.pl\/www\/#\/schema\/person\/af3b49ba5945f7fa77bac700ae4ba4ce","name":"Beata Gramcow","image":{"@type":"ImageObject","inLanguage":"pl-PL","@id":"https:\/\/secure.gravatar.com\/avatar\/a66f7ca51eb7924d0f273eacf84d5c7b9745b13846172270d419ff16a4ddee89?s=96&d=mm&r=g","url":"https:\/\/secure.gravatar.com\/avatar\/a66f7ca51eb7924d0f273eacf84d5c7b9745b13846172270d419ff16a4ddee89?s=96&d=mm&r=g","contentUrl":"https:\/\/secure.gravatar.com\/avatar\/a66f7ca51eb7924d0f273eacf84d5c7b9745b13846172270d419ff16a4ddee89?s=96&d=mm&r=g","caption":"Beata Gramcow"},"url":"https:\/\/zs3.rybnik.pl\/www\/author\/beatagramcow\/"}]}},"_links":{"self":[{"href":"https:\/\/zs3.rybnik.pl\/www\/wp-json\/wp\/v2\/posts\/22253","targetHints":{"allow":["GET"]}}],"collection":[{"href":"https:\/\/zs3.rybnik.pl\/www\/wp-json\/wp\/v2\/posts"}],"about":[{"href":"https:\/\/zs3.rybnik.pl\/www\/wp-json\/wp\/v2\/types\/post"}],"author":[{"embeddable":true,"href":"https:\/\/zs3.rybnik.pl\/www\/wp-json\/wp\/v2\/users\/14"}],"replies":[{"embeddable":true,"href":"https:\/\/zs3.rybnik.pl\/www\/wp-json\/wp\/v2\/comments?post=22253"}],"version-history":[{"count":2,"href":"https:\/\/zs3.rybnik.pl\/www\/wp-json\/wp\/v2\/posts\/22253\/revisions"}],"predecessor-version":[{"id":22257,"href":"https:\/\/zs3.rybnik.pl\/www\/wp-json\/wp\/v2\/posts\/22253\/revisions\/22257"}],"wp:featuredmedia":[{"embeddable":true,"href":"https:\/\/zs3.rybnik.pl\/www\/wp-json\/wp\/v2\/media\/22255"}],"wp:attachment":[{"href":"https:\/\/zs3.rybnik.pl\/www\/wp-json\/wp\/v2\/media?parent=22253"}],"wp:term":[{"taxonomy":"category","embeddable":true,"href":"https:\/\/zs3.rybnik.pl\/www\/wp-json\/wp\/v2\/categories?post=22253"},{"taxonomy":"post_tag","embeddable":true,"href":"https:\/\/zs3.rybnik.pl\/www\/wp-json\/wp\/v2\/tags?post=22253"}],"curies":[{"name":"wp","href":"https:\/\/api.w.org\/{rel}","templated":true}]}}