{"id":5265,"date":"2018-10-31T22:00:49","date_gmt":"2018-10-31T21:00:49","guid":{"rendered":"http:\/\/zs3.rybnik.pl\/www\/?p=5265"},"modified":"2018-10-31T23:25:40","modified_gmt":"2018-10-31T22:25:40","slug":"goscie-z-hiszpanii","status":"publish","type":"post","link":"https:\/\/zs3.rybnik.pl\/www\/goscie-z-hiszpanii\/","title":{"rendered":"GO\u015aCIE Z HISZPANII"},"content":{"rendered":"\n<div class=\"ngg-galleryoverview\" id=\"ngg-gallery-d9889697340e3b7a836e02119fe6cddb-5265\">\n\n\n\t<!-- Thumbnails -->\n    \t\t\n\t<div id=\"ngg-image-1304\" class=\"ngg-gallery-thumbnail-box\" style=\"width:20%;\" >\n\t\t<div class=\"ngg-gallery-thumbnail\" >\n\t\t\t<a href=\"https:\/\/zs3.rybnik.pl\/www\/wp-content\/gallery\/wizyta_nauczycieli_z_hiszpanii2\/45085082_569688006802484_125882536508260352_n.jpg\"\n               title=\" \"\n               class=\"ngg-fancybox\" rel=\"d9889697340e3b7a836e02119fe6cddb\" data-image-id=\"1304\" data-src=\"https:\/\/zs3.rybnik.pl\/www\/wp-content\/gallery\/wizyta_nauczycieli_z_hiszpanii2\/45085082_569688006802484_125882536508260352_n.jpg\" data-thumbnail=\"https:\/\/zs3.rybnik.pl\/www\/wp-content\/gallery\/wizyta_nauczycieli_z_hiszpanii2\/thumbs\/thumbs_45085082_569688006802484_125882536508260352_n.jpg\" data-title=\"45085082_569688006802484_125882536508260352_n\" data-description=\" \" >\n\t\t\t\t\t\t\t\t<img title=\"45085082_569688006802484_125882536508260352_n\" alt=\"45085082_569688006802484_125882536508260352_n\" src=\"https:\/\/zs3.rybnik.pl\/www\/wp-content\/gallery\/wizyta_nauczycieli_z_hiszpanii2\/thumbs\/thumbs_45085082_569688006802484_125882536508260352_n.jpg\" width='240' height='160' \/>\n\t\t\t\t\t\t\t<\/a>\n\t\t<\/div>\n\t<\/div>\n\n                        \n \t\t\n\t<div id=\"ngg-image-1305\" class=\"ngg-gallery-thumbnail-box\" style=\"width:20%;\" >\n\t\t<div class=\"ngg-gallery-thumbnail\" >\n\t\t\t<a href=\"https:\/\/zs3.rybnik.pl\/www\/wp-content\/gallery\/wizyta_nauczycieli_z_hiszpanii2\/45151833_327570381391196_8947840152420483072_n.jpg\"\n               title=\" \"\n               class=\"ngg-fancybox\" rel=\"d9889697340e3b7a836e02119fe6cddb\" data-image-id=\"1305\" data-src=\"https:\/\/zs3.rybnik.pl\/www\/wp-content\/gallery\/wizyta_nauczycieli_z_hiszpanii2\/45151833_327570381391196_8947840152420483072_n.jpg\" data-thumbnail=\"https:\/\/zs3.rybnik.pl\/www\/wp-content\/gallery\/wizyta_nauczycieli_z_hiszpanii2\/thumbs\/thumbs_45151833_327570381391196_8947840152420483072_n.jpg\" data-title=\"45151833_327570381391196_8947840152420483072_n\" data-description=\" \" >\n\t\t\t\t\t\t\t\t<img title=\"45151833_327570381391196_8947840152420483072_n\" alt=\"45151833_327570381391196_8947840152420483072_n\" src=\"https:\/\/zs3.rybnik.pl\/www\/wp-content\/gallery\/wizyta_nauczycieli_z_hiszpanii2\/thumbs\/thumbs_45151833_327570381391196_8947840152420483072_n.jpg\" width='240' height='160' \/>\n\t\t\t\t\t\t\t<\/a>\n\t\t<\/div>\n\t<\/div>\n\n                        \n \t\t\n\t<div id=\"ngg-image-1306\" class=\"ngg-gallery-thumbnail-box\" style=\"width:20%;\" >\n\t\t<div class=\"ngg-gallery-thumbnail\" >\n\t\t\t<a href=\"https:\/\/zs3.rybnik.pl\/www\/wp-content\/gallery\/wizyta_nauczycieli_z_hiszpanii2\/45202798_415202515680386_3716770887282720768_n.jpg\"\n               title=\" \"\n               class=\"ngg-fancybox\" rel=\"d9889697340e3b7a836e02119fe6cddb\" data-image-id=\"1306\" data-src=\"https:\/\/zs3.rybnik.pl\/www\/wp-content\/gallery\/wizyta_nauczycieli_z_hiszpanii2\/45202798_415202515680386_3716770887282720768_n.jpg\" data-thumbnail=\"https:\/\/zs3.rybnik.pl\/www\/wp-content\/gallery\/wizyta_nauczycieli_z_hiszpanii2\/thumbs\/thumbs_45202798_415202515680386_3716770887282720768_n.jpg\" data-title=\"45202798_415202515680386_3716770887282720768_n\" data-description=\" \" >\n\t\t\t\t\t\t\t\t<img title=\"45202798_415202515680386_3716770887282720768_n\" alt=\"45202798_415202515680386_3716770887282720768_n\" src=\"https:\/\/zs3.rybnik.pl\/www\/wp-content\/gallery\/wizyta_nauczycieli_z_hiszpanii2\/thumbs\/thumbs_45202798_415202515680386_3716770887282720768_n.jpg\" width='240' height='160' \/>\n\t\t\t\t\t\t\t<\/a>\n\t\t<\/div>\n\t<\/div>\n\n                        \n \t\t\n\t<div id=\"ngg-image-1307\" class=\"ngg-gallery-thumbnail-box\" style=\"width:20%;\" >\n\t\t<div class=\"ngg-gallery-thumbnail\" >\n\t\t\t<a href=\"https:\/\/zs3.rybnik.pl\/www\/wp-content\/gallery\/wizyta_nauczycieli_z_hiszpanii2\/45212745_328873274589848_773949748074774528_n.jpg\"\n               title=\" \"\n               class=\"ngg-fancybox\" rel=\"d9889697340e3b7a836e02119fe6cddb\" data-image-id=\"1307\" data-src=\"https:\/\/zs3.rybnik.pl\/www\/wp-content\/gallery\/wizyta_nauczycieli_z_hiszpanii2\/45212745_328873274589848_773949748074774528_n.jpg\" data-thumbnail=\"https:\/\/zs3.rybnik.pl\/www\/wp-content\/gallery\/wizyta_nauczycieli_z_hiszpanii2\/thumbs\/thumbs_45212745_328873274589848_773949748074774528_n.jpg\" data-title=\"45212745_328873274589848_773949748074774528_n\" data-description=\" \" >\n\t\t\t\t\t\t\t\t<img title=\"45212745_328873274589848_773949748074774528_n\" alt=\"45212745_328873274589848_773949748074774528_n\" src=\"https:\/\/zs3.rybnik.pl\/www\/wp-content\/gallery\/wizyta_nauczycieli_z_hiszpanii2\/thumbs\/thumbs_45212745_328873274589848_773949748074774528_n.jpg\" width='240' height='160' \/>\n\t\t\t\t\t\t\t<\/a>\n\t\t<\/div>\n\t<\/div>\n\n                        \n \t\t\n\t<div id=\"ngg-image-1308\" class=\"ngg-gallery-thumbnail-box\" style=\"width:20%;\" >\n\t\t<div class=\"ngg-gallery-thumbnail\" >\n\t\t\t<a href=\"https:\/\/zs3.rybnik.pl\/www\/wp-content\/gallery\/wizyta_nauczycieli_z_hiszpanii2\/45214323_1045133982333535_714825868228165632_n.jpg\"\n               title=\" \"\n               class=\"ngg-fancybox\" rel=\"d9889697340e3b7a836e02119fe6cddb\" data-image-id=\"1308\" data-src=\"https:\/\/zs3.rybnik.pl\/www\/wp-content\/gallery\/wizyta_nauczycieli_z_hiszpanii2\/45214323_1045133982333535_714825868228165632_n.jpg\" data-thumbnail=\"https:\/\/zs3.rybnik.pl\/www\/wp-content\/gallery\/wizyta_nauczycieli_z_hiszpanii2\/thumbs\/thumbs_45214323_1045133982333535_714825868228165632_n.jpg\" data-title=\"45214323_1045133982333535_714825868228165632_n\" data-description=\" \" >\n\t\t\t\t\t\t\t\t<img title=\"45214323_1045133982333535_714825868228165632_n\" alt=\"45214323_1045133982333535_714825868228165632_n\" src=\"https:\/\/zs3.rybnik.pl\/www\/wp-content\/gallery\/wizyta_nauczycieli_z_hiszpanii2\/thumbs\/thumbs_45214323_1045133982333535_714825868228165632_n.jpg\" width='240' height='160' \/>\n\t\t\t\t\t\t\t<\/a>\n\t\t<\/div>\n\t<\/div>\n\n                            <br style=\"clear: both\" \/>\n                \n \t \t\n\t<!-- Pagination -->\n \t<div class='ngg-clear'><\/div> \t\n<\/div>\n\n\n<p>&nbsp;<\/p>\n<p style=\"text-align: justify;\">W dniach 22-26 pa\u017adziernika go\u015bcili\u015bmy w naszej szkole dw\u00f3ch przedstawicieli partnerskiej szko\u0142y hiszpa\u0144skiej, z kt\u00f3r\u0105 realizujemy projekt \u201eInnowacyjne metody nauczania przedmiot\u00f3w przyrodniczych\u201d w ramach programu Erasmus +.<\/p>\n<p style=\"text-align: justify;\">&nbsp;<\/p>\n<p style=\"text-align: justify;\">Pan Alberto Lopez de Heredia, dyrektor szko\u0142y La Salle La Estrella i pani Cristina Montoya, koordynatorka projektu w szkole hiszpa\u0144skiej, odwiedzili nasz\u0105 szko\u0142\u0119 w ramach mi\u0119dzynarodowego spotkania projektowego, kt\u00f3rego celem jest zarz\u0105dzanie projektem. W trakcie pi\u0119ciu dni hiszpa\u0144scy go\u015bcie wraz z koordynatork\u0105 projektu, p. Joann\u0105 Kozaczuk oraz p. Jagod\u0105 Kozie\u0142 i p. Katarzyn\u0105 Pi\u0105tek dokonali ewaluacji dotychczasowych dzia\u0142a\u0144 i om\u00f3wili szczeg\u00f3\u0142y dzia\u0142a\u0144 zaplanowanych na ten rok szkolny. Ponadto przedstawiono raporty przej\u015bciowe i zweryfikowano dokumentacj\u0119 zamieszczon\u0105 na platformie rezultat\u00f3w, platformie Mobility Tool oraz platformie e-twinning.<\/p>\n<p style=\"text-align: justify;\">&nbsp;<\/p>\n<p style=\"text-align: justify;\">Nauczyciele hiszpa\u0144scy zwiedzili nasz\u0105 szko\u0142\u0119 i spotkali si\u0119 z Dyrekcj\u0105 naszego zespo\u0142u szk\u00f3\u0142. Mieli oni te\u017c okazj\u0119 porozmawia\u0107 z uczniami, kt\u00f3rzy we wrze\u015bniu odwiedzili San Asensio. Mi\u0142\u0105 niespodziank\u0119 przygotowali dla naszych go\u015bci uczniowie klasy 5a, kt\u00f3rzy za\u015bpiewali piosenk\u0119 \u201ePanie Janie\u201d w j. hiszpa\u0144skim.<\/p>\n","protected":false},"excerpt":{"rendered":"<p>&#8221; template=&#8221;\/home\/zs3\/domains\/zs3.rybnik.pl\/public_html\/www\/wp-content\/plugins\/nextgen-gallery\/products\/photocrati_nextgen\/modules\/ngglegacy\/view\/gallery.php&#8221; order_by=&#8221;sortorder&#8221; order_direction=&#8221;ASC&#8221; returns=&#8221;included&#8221; maximum_entity_count=&#8221;500&#8243; display_type=&#8221;photocrati-nextgen_basic_thumbnails&#8221;] &nbsp; W dniach 22-26 pa\u017adziernika go\u015bcili\u015bmy w naszej szkole dw\u00f3ch przedstawicieli partnerskiej szko\u0142y hiszpa\u0144skiej, z kt\u00f3r\u0105 realizujemy projekt \u201eInnowacyjne metody nauczania przedmiot\u00f3w przyrodniczych\u201d w ramach programu Erasmus +. &nbsp; Pan Alberto Lopez de [&hellip;]<\/p>\n","protected":false},"author":7,"featured_media":0,"comment_status":"open","ping_status":"open","sticky":false,"template":"","format":"standard","meta":{"ngg_post_thumbnail":0},"categories":[10,1],"tags":[],"_links":{"self":[{"href":"https:\/\/zs3.rybnik.pl\/www\/wp-json\/wp\/v2\/posts\/5265"}],"collection":[{"href":"https:\/\/zs3.rybnik.pl\/www\/wp-json\/wp\/v2\/posts"}],"about":[{"href":"https:\/\/zs3.rybnik.pl\/www\/wp-json\/wp\/v2\/types\/post"}],"author":[{"embeddable":true,"href":"https:\/\/zs3.rybnik.pl\/www\/wp-json\/wp\/v2\/users\/7"}],"replies":[{"embeddable":true,"href":"https:\/\/zs3.rybnik.pl\/www\/wp-json\/wp\/v2\/comments?post=5265"}],"version-history":[{"count":4,"href":"https:\/\/zs3.rybnik.pl\/www\/wp-json\/wp\/v2\/posts\/5265\/revisions"}],"predecessor-version":[{"id":5269,"href":"https:\/\/zs3.rybnik.pl\/www\/wp-json\/wp\/v2\/posts\/5265\/revisions\/5269"}],"wp:attachment":[{"href":"https:\/\/zs3.rybnik.pl\/www\/wp-json\/wp\/v2\/media?parent=5265"}],"wp:term":[{"taxonomy":"category","embeddable":true,"href":"https:\/\/zs3.rybnik.pl\/www\/wp-json\/wp\/v2\/categories?post=5265"},{"taxonomy":"post_tag","embeddable":true,"href":"https:\/\/zs3.rybnik.pl\/www\/wp-json\/wp\/v2\/tags?post=5265"}],"curies":[{"name":"wp","href":"https:\/\/api.w.org\/{rel}","templated":true}]}}