{"id":6245,"date":"2019-01-17T20:31:51","date_gmt":"2019-01-17T19:31:51","guid":{"rendered":"http:\/\/zs3.rybnik.pl\/www\/?p=6245"},"modified":"2019-01-17T20:32:47","modified_gmt":"2019-01-17T19:32:47","slug":"wycieczka-na-festiwal-nauki-w-katowicach","status":"publish","type":"post","link":"https:\/\/zs3.rybnik.pl\/www\/wycieczka-na-festiwal-nauki-w-katowicach\/","title":{"rendered":"WYCIECZKA NA FESTIWAL NAUKI W KATOWICACH"},"content":{"rendered":"\n<div class=\"ngg-galleryoverview\" id=\"ngg-gallery-ad813ee7ff880c8f7a12e3efb2e483fd-6245\">\n\n\n\t<!-- Thumbnails -->\n    \t\t\n\t<div id=\"ngg-image-1562\" class=\"ngg-gallery-thumbnail-box\" style=\"width:25%;\" >\n\t\t<div class=\"ngg-gallery-thumbnail\" >\n\t\t\t<a href=\"https:\/\/zs3.rybnik.pl\/www\/wp-content\/gallery\/festiwal_nauki_katowice2019\/1-1.jpg\"\n               title=\" \"\n               class=\"ngg-fancybox\" rel=\"ad813ee7ff880c8f7a12e3efb2e483fd\" data-image-id=\"1562\" data-src=\"https:\/\/zs3.rybnik.pl\/www\/wp-content\/gallery\/festiwal_nauki_katowice2019\/1-1.jpg\" data-thumbnail=\"https:\/\/zs3.rybnik.pl\/www\/wp-content\/gallery\/festiwal_nauki_katowice2019\/thumbs\/thumbs_1-1.jpg\" data-title=\"1\" data-description=\" \" >\n\t\t\t\t\t\t\t\t<img title=\"1\" alt=\"1\" src=\"https:\/\/zs3.rybnik.pl\/www\/wp-content\/gallery\/festiwal_nauki_katowice2019\/thumbs\/thumbs_1-1.jpg\" width='240' height='160' \/>\n\t\t\t\t\t\t\t<\/a>\n\t\t<\/div>\n\t<\/div>\n\n                        \n \t\t\n\t<div id=\"ngg-image-1563\" class=\"ngg-gallery-thumbnail-box\" style=\"width:25%;\" >\n\t\t<div class=\"ngg-gallery-thumbnail\" >\n\t\t\t<a href=\"https:\/\/zs3.rybnik.pl\/www\/wp-content\/gallery\/festiwal_nauki_katowice2019\/2-1.jpg\"\n               title=\" \"\n               class=\"ngg-fancybox\" rel=\"ad813ee7ff880c8f7a12e3efb2e483fd\" data-image-id=\"1563\" data-src=\"https:\/\/zs3.rybnik.pl\/www\/wp-content\/gallery\/festiwal_nauki_katowice2019\/2-1.jpg\" data-thumbnail=\"https:\/\/zs3.rybnik.pl\/www\/wp-content\/gallery\/festiwal_nauki_katowice2019\/thumbs\/thumbs_2-1.jpg\" data-title=\"2\" data-description=\" \" >\n\t\t\t\t\t\t\t\t<img title=\"2\" alt=\"2\" src=\"https:\/\/zs3.rybnik.pl\/www\/wp-content\/gallery\/festiwal_nauki_katowice2019\/thumbs\/thumbs_2-1.jpg\" width='240' height='160' \/>\n\t\t\t\t\t\t\t<\/a>\n\t\t<\/div>\n\t<\/div>\n\n                        \n \t\t\n\t<div id=\"ngg-image-1564\" class=\"ngg-gallery-thumbnail-box\" style=\"width:25%;\" >\n\t\t<div class=\"ngg-gallery-thumbnail\" >\n\t\t\t<a href=\"https:\/\/zs3.rybnik.pl\/www\/wp-content\/gallery\/festiwal_nauki_katowice2019\/6-1.jpg\"\n               title=\" \"\n               class=\"ngg-fancybox\" rel=\"ad813ee7ff880c8f7a12e3efb2e483fd\" data-image-id=\"1564\" data-src=\"https:\/\/zs3.rybnik.pl\/www\/wp-content\/gallery\/festiwal_nauki_katowice2019\/6-1.jpg\" data-thumbnail=\"https:\/\/zs3.rybnik.pl\/www\/wp-content\/gallery\/festiwal_nauki_katowice2019\/thumbs\/thumbs_6-1.jpg\" data-title=\"6\" data-description=\" \" >\n\t\t\t\t\t\t\t\t<img title=\"6\" alt=\"6\" src=\"https:\/\/zs3.rybnik.pl\/www\/wp-content\/gallery\/festiwal_nauki_katowice2019\/thumbs\/thumbs_6-1.jpg\" width='240' height='160' \/>\n\t\t\t\t\t\t\t<\/a>\n\t\t<\/div>\n\t<\/div>\n\n                        \n \t\t\n\t<div id=\"ngg-image-1565\" class=\"ngg-gallery-thumbnail-box\" style=\"width:25%;\" >\n\t\t<div class=\"ngg-gallery-thumbnail\" >\n\t\t\t<a href=\"https:\/\/zs3.rybnik.pl\/www\/wp-content\/gallery\/festiwal_nauki_katowice2019\/41-1.jpg\"\n               title=\" \"\n               class=\"ngg-fancybox\" rel=\"ad813ee7ff880c8f7a12e3efb2e483fd\" data-image-id=\"1565\" data-src=\"https:\/\/zs3.rybnik.pl\/www\/wp-content\/gallery\/festiwal_nauki_katowice2019\/41-1.jpg\" data-thumbnail=\"https:\/\/zs3.rybnik.pl\/www\/wp-content\/gallery\/festiwal_nauki_katowice2019\/thumbs\/thumbs_41-1.jpg\" data-title=\"41\" data-description=\" \" >\n\t\t\t\t\t\t\t\t<img title=\"41\" alt=\"41\" src=\"https:\/\/zs3.rybnik.pl\/www\/wp-content\/gallery\/festiwal_nauki_katowice2019\/thumbs\/thumbs_41-1.jpg\" width='240' height='160' \/>\n\t\t\t\t\t\t\t<\/a>\n\t\t<\/div>\n\t<\/div>\n\n                            <br style=\"clear: both\" \/>\n                \n \t\t\n\t<div id=\"ngg-image-1566\" class=\"ngg-gallery-thumbnail-box\" style=\"width:25%;\" >\n\t\t<div class=\"ngg-gallery-thumbnail\" >\n\t\t\t<a href=\"https:\/\/zs3.rybnik.pl\/www\/wp-content\/gallery\/festiwal_nauki_katowice2019\/48-1.jpg\"\n               title=\" \"\n               class=\"ngg-fancybox\" rel=\"ad813ee7ff880c8f7a12e3efb2e483fd\" data-image-id=\"1566\" data-src=\"https:\/\/zs3.rybnik.pl\/www\/wp-content\/gallery\/festiwal_nauki_katowice2019\/48-1.jpg\" data-thumbnail=\"https:\/\/zs3.rybnik.pl\/www\/wp-content\/gallery\/festiwal_nauki_katowice2019\/thumbs\/thumbs_48-1.jpg\" data-title=\"48\" data-description=\" \" >\n\t\t\t\t\t\t\t\t<img title=\"48\" alt=\"48\" src=\"https:\/\/zs3.rybnik.pl\/www\/wp-content\/gallery\/festiwal_nauki_katowice2019\/thumbs\/thumbs_48-1.jpg\" width='240' height='160' \/>\n\t\t\t\t\t\t\t<\/a>\n\t\t<\/div>\n\t<\/div>\n\n                        \n \t\t\n\t<div id=\"ngg-image-1567\" class=\"ngg-gallery-thumbnail-box\" style=\"width:25%;\" >\n\t\t<div class=\"ngg-gallery-thumbnail\" >\n\t\t\t<a href=\"https:\/\/zs3.rybnik.pl\/www\/wp-content\/gallery\/festiwal_nauki_katowice2019\/59-1.jpg\"\n               title=\" \"\n               class=\"ngg-fancybox\" rel=\"ad813ee7ff880c8f7a12e3efb2e483fd\" data-image-id=\"1567\" data-src=\"https:\/\/zs3.rybnik.pl\/www\/wp-content\/gallery\/festiwal_nauki_katowice2019\/59-1.jpg\" data-thumbnail=\"https:\/\/zs3.rybnik.pl\/www\/wp-content\/gallery\/festiwal_nauki_katowice2019\/thumbs\/thumbs_59-1.jpg\" data-title=\"59\" data-description=\" \" >\n\t\t\t\t\t\t\t\t<img title=\"59\" alt=\"59\" src=\"https:\/\/zs3.rybnik.pl\/www\/wp-content\/gallery\/festiwal_nauki_katowice2019\/thumbs\/thumbs_59-1.jpg\" width='240' height='160' \/>\n\t\t\t\t\t\t\t<\/a>\n\t\t<\/div>\n\t<\/div>\n\n                        \n \t\t\n\t<div id=\"ngg-image-1568\" class=\"ngg-gallery-thumbnail-box\" style=\"width:25%;\" >\n\t\t<div class=\"ngg-gallery-thumbnail\" >\n\t\t\t<a href=\"https:\/\/zs3.rybnik.pl\/www\/wp-content\/gallery\/festiwal_nauki_katowice2019\/63-1.jpg\"\n               title=\" \"\n               class=\"ngg-fancybox\" rel=\"ad813ee7ff880c8f7a12e3efb2e483fd\" data-image-id=\"1568\" data-src=\"https:\/\/zs3.rybnik.pl\/www\/wp-content\/gallery\/festiwal_nauki_katowice2019\/63-1.jpg\" data-thumbnail=\"https:\/\/zs3.rybnik.pl\/www\/wp-content\/gallery\/festiwal_nauki_katowice2019\/thumbs\/thumbs_63-1.jpg\" data-title=\"63\" data-description=\" \" >\n\t\t\t\t\t\t\t\t<img title=\"63\" alt=\"63\" src=\"https:\/\/zs3.rybnik.pl\/www\/wp-content\/gallery\/festiwal_nauki_katowice2019\/thumbs\/thumbs_63-1.jpg\" width='240' height='160' \/>\n\t\t\t\t\t\t\t<\/a>\n\t\t<\/div>\n\t<\/div>\n\n                        \n \t\t\n\t<div id=\"ngg-image-1569\" class=\"ngg-gallery-thumbnail-box\" style=\"width:25%;\" >\n\t\t<div class=\"ngg-gallery-thumbnail\" >\n\t\t\t<a href=\"https:\/\/zs3.rybnik.pl\/www\/wp-content\/gallery\/festiwal_nauki_katowice2019\/67-1.jpg\"\n               title=\" \"\n               class=\"ngg-fancybox\" rel=\"ad813ee7ff880c8f7a12e3efb2e483fd\" data-image-id=\"1569\" data-src=\"https:\/\/zs3.rybnik.pl\/www\/wp-content\/gallery\/festiwal_nauki_katowice2019\/67-1.jpg\" data-thumbnail=\"https:\/\/zs3.rybnik.pl\/www\/wp-content\/gallery\/festiwal_nauki_katowice2019\/thumbs\/thumbs_67-1.jpg\" data-title=\"67\" data-description=\" \" >\n\t\t\t\t\t\t\t\t<img title=\"67\" alt=\"67\" src=\"https:\/\/zs3.rybnik.pl\/www\/wp-content\/gallery\/festiwal_nauki_katowice2019\/thumbs\/thumbs_67-1.jpg\" width='240' height='160' \/>\n\t\t\t\t\t\t\t<\/a>\n\t\t<\/div>\n\t<\/div>\n\n                            <br style=\"clear: both\" \/>\n                \n \t \t\n\t<!-- Pagination -->\n \t<div class='ngg-clear'><\/div> \t\n<\/div>\n\n\n<p>&nbsp;<\/p>\n<p style=\"text-align: justify;\"><span class=\" _2iem\">W poniedzia\u0142ek 14 stycznia 2019r. grupa m\u0142odzie\u017cy bior\u0105ca udzia\u0142 w projekcie Erasmus+ oraz klasa 3b gimnazjum odwiedzi\u0142a \u015al\u0105skie Centrum Kongresowe, gdzie odbywa\u0142 si\u0119 3 \u015al\u0105ski Festiwal Nauki. <\/span><\/p>\n<p style=\"text-align: justify;\">&nbsp;<\/p>\n<p style=\"text-align: justify;\"><span class=\" _2iem\">Uczniowie mieli okazj\u0119 obejrze\u0107 i zapozna\u0107 si\u0119 z wieloma eksperymentami fizycznymi, biologicznymi i chemicznymi. Cz\u0119\u015b\u0107 uczni\u00f3w sp\u0119dzi\u0142a czas w strefie przyrodniczej rozpoznaj\u0105c w\u0142a\u015bciwo\u015bci ro\u015blin oraz komponuj\u0105c zdrowe herbaty i poznaj\u0105c r\u00f3\u017cnorodne gatunki ro\u015blin. Uczniowie mieli okazj\u0119 obserwowa\u0107 budow\u0119 lodowc\u00f3w od wewn\u0105trz, pozna\u0107 i dotkn\u0105\u0107 bezkr\u0119gowc\u00f3w np. pijawki ko\u0144skiej, wzi\u0105\u0107 udzia\u0142 w warsztatach z pierwszej pomocy oraz podziwia\u0107 model cz\u0142owieka w tr\u00f3jwymiarze. <\/span><\/p>\n<p style=\"text-align: justify;\">&nbsp;<\/p>\n<p style=\"text-align: justify;\"><span class=\" _2iem\">Wszyscy uczniowie wzi\u0119li udzia\u0142 w ciekawym wyk\u0142adzie dr Tomasza Ro\u017cka na temat sztucznej inteligencji oraz w szalenie atrakcyjnym wywiadzie go\u015bcia specjalnego trzeciej edycji \u015al\u0105skiego Festiwalu Nauki KATOWICE &#8211; pani Nicole Stott, astronautki NASA, kt\u00f3ra opowiada\u0142a o swoich wyprawach w kosmos. Zapraszamy do obejrzenia pe\u0142nej <\/span><a href=\"https:\/\/zs3.rybnik.pl\/www\/20182019-2\/nggallery\/2018_2019\/Festiwal_Nauki_Katowice2019\" target=\"_blank\">fotorelacji.<\/a><\/p>\n","protected":false},"excerpt":{"rendered":"<p>&#8221; template=&#8221;\/home\/zs3\/domains\/zs3.rybnik.pl\/public_html\/www\/wp-content\/plugins\/nextgen-gallery\/products\/photocrati_nextgen\/modules\/ngglegacy\/view\/gallery.php&#8221; order_by=&#8221;sortorder&#8221; order_direction=&#8221;ASC&#8221; returns=&#8221;included&#8221; maximum_entity_count=&#8221;500&#8243; display_type=&#8221;photocrati-nextgen_basic_thumbnails&#8221;] &nbsp; W poniedzia\u0142ek 14 stycznia 2019r. grupa m\u0142odzie\u017cy bior\u0105ca udzia\u0142 w projekcie Erasmus+ oraz klasa 3b gimnazjum odwiedzi\u0142a \u015al\u0105skie Centrum Kongresowe, gdzie odbywa\u0142 si\u0119 3 \u015al\u0105ski Festiwal Nauki. &nbsp; Uczniowie mieli okazj\u0119 obejrze\u0107 [&hellip;]<\/p>\n","protected":false},"author":7,"featured_media":0,"comment_status":"open","ping_status":"open","sticky":false,"template":"","format":"standard","meta":{"ngg_post_thumbnail":0},"categories":[10,1],"tags":[],"_links":{"self":[{"href":"https:\/\/zs3.rybnik.pl\/www\/wp-json\/wp\/v2\/posts\/6245"}],"collection":[{"href":"https:\/\/zs3.rybnik.pl\/www\/wp-json\/wp\/v2\/posts"}],"about":[{"href":"https:\/\/zs3.rybnik.pl\/www\/wp-json\/wp\/v2\/types\/post"}],"author":[{"embeddable":true,"href":"https:\/\/zs3.rybnik.pl\/www\/wp-json\/wp\/v2\/users\/7"}],"replies":[{"embeddable":true,"href":"https:\/\/zs3.rybnik.pl\/www\/wp-json\/wp\/v2\/comments?post=6245"}],"version-history":[{"count":8,"href":"https:\/\/zs3.rybnik.pl\/www\/wp-json\/wp\/v2\/posts\/6245\/revisions"}],"predecessor-version":[{"id":6253,"href":"https:\/\/zs3.rybnik.pl\/www\/wp-json\/wp\/v2\/posts\/6245\/revisions\/6253"}],"wp:attachment":[{"href":"https:\/\/zs3.rybnik.pl\/www\/wp-json\/wp\/v2\/media?parent=6245"}],"wp:term":[{"taxonomy":"category","embeddable":true,"href":"https:\/\/zs3.rybnik.pl\/www\/wp-json\/wp\/v2\/categories?post=6245"},{"taxonomy":"post_tag","embeddable":true,"href":"https:\/\/zs3.rybnik.pl\/www\/wp-json\/wp\/v2\/tags?post=6245"}],"curies":[{"name":"wp","href":"https:\/\/api.w.org\/{rel}","templated":true}]}}