{"id":6254,"date":"2019-01-24T20:10:50","date_gmt":"2019-01-24T19:10:50","guid":{"rendered":"http:\/\/zs3.rybnik.pl\/www\/?p=6254"},"modified":"2019-01-24T20:10:50","modified_gmt":"2019-01-24T19:10:50","slug":"zaproszenie-na-spotkanie-z-rodzicami","status":"publish","type":"post","link":"https:\/\/zs3.rybnik.pl\/www\/zaproszenie-na-spotkanie-z-rodzicami\/","title":{"rendered":"ZAPROSZENIE NA SPOTKANIE Z RODZICAMI"},"content":{"rendered":"<p style=\"text-align: justify;\">Dyrekcja Zespo\u0142u Szk\u00f3\u0142 nr 3 w Rybniku zaprasza wszystkich rodzic\u00f3w uczni\u00f3w klas <strong>\u00d3SMYCH<\/strong> oraz <strong>TRZECICH<\/strong> gimnazjum na spotkanie w sprawie rekrutacji w roku szkolnym 2019\/20.<\/p>\n<p style=\"text-align: justify;\">&nbsp;<\/p>\n<p style=\"text-align: justify;\">Spotkanie odb\u0119dzie si\u0119 w poniedzia\u0142ek<strong> 28 stycznia<\/strong> <span class=\"text_exposed_show\">o godzinie <strong>17:00<\/strong> w auli szkolnej. <\/span>W spotkaniu uczestniczy\u0107 b\u0119d\u0105 r\u00f3wnie\u017c wychowawcy klas.<\/p>\n<p style=\"text-align: justify;\">Liczymy na Pa\u0144stwa obecno\u015b\u0107.<\/p>\n","protected":false},"excerpt":{"rendered":"<p>Dyrekcja Zespo\u0142u Szk\u00f3\u0142 nr 3 w Rybniku zaprasza wszystkich rodzic\u00f3w uczni\u00f3w klas \u00d3SMYCH oraz TRZECICH gimnazjum na spotkanie w sprawie rekrutacji w roku szkolnym 2019\/20. &nbsp; Spotkanie odb\u0119dzie si\u0119 w poniedzia\u0142ek 28 stycznia o godzinie 17:00 w auli szkolnej. W spotkaniu uczestniczy\u0107 b\u0119d\u0105 r\u00f3wnie\u017c wychowawcy klas. Liczymy na Pa\u0144stwa obecno\u015b\u0107.<\/p>\n","protected":false},"author":4,"featured_media":0,"comment_status":"open","ping_status":"open","sticky":false,"template":"","format":"standard","meta":{"_acf_changed":false,"ngg_post_thumbnail":0,"footnotes":""},"categories":[7],"tags":[],"class_list":["post-6254","post","type-post","status-publish","format-standard","hentry","category-nowosci"],"acf":[],"yoast_head":"<!-- This site is optimized with the Yoast SEO plugin v28.2 - https:\/\/yoast.com\/product\/yoast-seo-wordpress\/ -->\n<title>ZAPROSZENIE NA SPOTKANIE Z RODZICAMI - Zesp\u00f3\u0142 Szk\u00f3\u0142 nr 3 w Rybniku<\/title>\n<meta name=\"robots\" content=\"index, follow, max-snippet:-1, max-image-preview:large, max-video-preview:-1\" \/>\n<link rel=\"canonical\" href=\"https:\/\/zs3.rybnik.pl\/www\/zaproszenie-na-spotkanie-z-rodzicami\/\" \/>\n<meta property=\"og:locale\" content=\"pl_PL\" \/>\n<meta property=\"og:type\" content=\"article\" \/>\n<meta property=\"og:title\" content=\"ZAPROSZENIE NA SPOTKANIE Z RODZICAMI - Zesp\u00f3\u0142 Szk\u00f3\u0142 nr 3 w Rybniku\" \/>\n<meta property=\"og:description\" content=\"Dyrekcja Zespo\u0142u Szk\u00f3\u0142 nr 3 w Rybniku zaprasza wszystkich rodzic\u00f3w uczni\u00f3w klas \u00d3SMYCH oraz TRZECICH gimnazjum na spotkanie w sprawie rekrutacji w roku szkolnym 2019\/20. &nbsp; Spotkanie odb\u0119dzie si\u0119 w poniedzia\u0142ek 28 stycznia o godzinie 17:00 w auli szkolnej. W spotkaniu uczestniczy\u0107 b\u0119d\u0105 r\u00f3wnie\u017c wychowawcy klas. Liczymy na Pa\u0144stwa obecno\u015b\u0107.\" \/>\n<meta property=\"og:url\" content=\"https:\/\/zs3.rybnik.pl\/www\/zaproszenie-na-spotkanie-z-rodzicami\/\" \/>\n<meta property=\"og:site_name\" content=\"Zesp\u00f3\u0142 Szk\u00f3\u0142 nr 3 w Rybniku\" \/>\n<meta property=\"article:published_time\" content=\"2019-01-24T19:10:50+00:00\" \/>\n<meta name=\"author\" content=\"Joanna Poralla-Bajor\" \/>\n<meta name=\"twitter:card\" content=\"summary_large_image\" \/>\n<meta name=\"twitter:label1\" content=\"Napisane przez\" \/>\n\t<meta name=\"twitter:data1\" content=\"Joanna Poralla-Bajor\" \/>\n<script type=\"application\/ld+json\" class=\"yoast-schema-graph\">{\"@context\":\"https:\\\/\\\/schema.org\",\"@graph\":[{\"@type\":\"Article\",\"@id\":\"https:\\\/\\\/zs3.rybnik.pl\\\/www\\\/zaproszenie-na-spotkanie-z-rodzicami\\\/#article\",\"isPartOf\":{\"@id\":\"https:\\\/\\\/zs3.rybnik.pl\\\/www\\\/zaproszenie-na-spotkanie-z-rodzicami\\\/\"},\"author\":{\"name\":\"Joanna Poralla-Bajor\",\"@id\":\"https:\\\/\\\/zs3.rybnik.pl\\\/www\\\/#\\\/schema\\\/person\\\/6e1987809e14ea7a3d6f93cbfcc56cb8\"},\"headline\":\"ZAPROSZENIE NA SPOTKANIE Z RODZICAMI\",\"datePublished\":\"2019-01-24T19:10:50+00:00\",\"mainEntityOfPage\":{\"@id\":\"https:\\\/\\\/zs3.rybnik.pl\\\/www\\\/zaproszenie-na-spotkanie-z-rodzicami\\\/\"},\"wordCount\":59,\"commentCount\":0,\"publisher\":{\"@id\":\"https:\\\/\\\/zs3.rybnik.pl\\\/www\\\/#organization\"},\"articleSection\":[\"Nowo\u015bci\"],\"inLanguage\":\"pl-PL\"},{\"@type\":\"WebPage\",\"@id\":\"https:\\\/\\\/zs3.rybnik.pl\\\/www\\\/zaproszenie-na-spotkanie-z-rodzicami\\\/\",\"url\":\"https:\\\/\\\/zs3.rybnik.pl\\\/www\\\/zaproszenie-na-spotkanie-z-rodzicami\\\/\",\"name\":\"ZAPROSZENIE NA SPOTKANIE Z RODZICAMI - Zesp\u00f3\u0142 Szk\u00f3\u0142 nr 3 w Rybniku\",\"isPartOf\":{\"@id\":\"https:\\\/\\\/zs3.rybnik.pl\\\/www\\\/#website\"},\"datePublished\":\"2019-01-24T19:10:50+00:00\",\"breadcrumb\":{\"@id\":\"https:\\\/\\\/zs3.rybnik.pl\\\/www\\\/zaproszenie-na-spotkanie-z-rodzicami\\\/#breadcrumb\"},\"inLanguage\":\"pl-PL\",\"potentialAction\":[{\"@type\":\"ReadAction\",\"target\":[\"https:\\\/\\\/zs3.rybnik.pl\\\/www\\\/zaproszenie-na-spotkanie-z-rodzicami\\\/\"]}]},{\"@type\":\"BreadcrumbList\",\"@id\":\"https:\\\/\\\/zs3.rybnik.pl\\\/www\\\/zaproszenie-na-spotkanie-z-rodzicami\\\/#breadcrumb\",\"itemListElement\":[{\"@type\":\"ListItem\",\"position\":1,\"name\":\"Strona g\u0142\u00f3wna\",\"item\":\"https:\\\/\\\/zs3.rybnik.pl\\\/www\\\/\"},{\"@type\":\"ListItem\",\"position\":2,\"name\":\"ZAPROSZENIE NA SPOTKANIE Z RODZICAMI\"}]},{\"@type\":\"WebSite\",\"@id\":\"https:\\\/\\\/zs3.rybnik.pl\\\/www\\\/#website\",\"url\":\"https:\\\/\\\/zs3.rybnik.pl\\\/www\\\/\",\"name\":\"Zesp\u00f3\u0142 Szk\u00f3\u0142 nr 3 w Rybniku\",\"description\":\"Z pasj\u0105 do wiedzy, z odwag\u0105 w przysz\u0142o\u015b\u0107.\",\"publisher\":{\"@id\":\"https:\\\/\\\/zs3.rybnik.pl\\\/www\\\/#organization\"},\"potentialAction\":[{\"@type\":\"SearchAction\",\"target\":{\"@type\":\"EntryPoint\",\"urlTemplate\":\"https:\\\/\\\/zs3.rybnik.pl\\\/www\\\/?s={search_term_string}\"},\"query-input\":{\"@type\":\"PropertyValueSpecification\",\"valueRequired\":true,\"valueName\":\"search_term_string\"}}],\"inLanguage\":\"pl-PL\"},{\"@type\":\"Organization\",\"@id\":\"https:\\\/\\\/zs3.rybnik.pl\\\/www\\\/#organization\",\"name\":\"Zesp\u00f3\u0142 Szk\u00f3\u0142 nr 3 w Rybniku\",\"url\":\"https:\\\/\\\/zs3.rybnik.pl\\\/www\\\/\",\"logo\":{\"@type\":\"ImageObject\",\"inLanguage\":\"pl-PL\",\"@id\":\"https:\\\/\\\/zs3.rybnik.pl\\\/www\\\/#\\\/schema\\\/logo\\\/image\\\/\",\"url\":\"https:\\\/\\\/zs3.rybnik.pl\\\/www\\\/wp-content\\\/uploads\\\/2026\\\/06\\\/logo-ZS3-1.jpg\",\"contentUrl\":\"https:\\\/\\\/zs3.rybnik.pl\\\/www\\\/wp-content\\\/uploads\\\/2026\\\/06\\\/logo-ZS3-1.jpg\",\"width\":1182,\"height\":1182,\"caption\":\"Zesp\u00f3\u0142 Szk\u00f3\u0142 nr 3 w Rybniku\"},\"image\":{\"@id\":\"https:\\\/\\\/zs3.rybnik.pl\\\/www\\\/#\\\/schema\\\/logo\\\/image\\\/\"}},{\"@type\":\"Person\",\"@id\":\"https:\\\/\\\/zs3.rybnik.pl\\\/www\\\/#\\\/schema\\\/person\\\/6e1987809e14ea7a3d6f93cbfcc56cb8\",\"name\":\"Joanna Poralla-Bajor\",\"image\":{\"@type\":\"ImageObject\",\"inLanguage\":\"pl-PL\",\"@id\":\"https:\\\/\\\/secure.gravatar.com\\\/avatar\\\/dabe45932ac3b66fc9fc3a27d586849e340ca1df8e9e5aa6f243e672b28393d1?s=96&d=mm&r=g\",\"url\":\"https:\\\/\\\/secure.gravatar.com\\\/avatar\\\/dabe45932ac3b66fc9fc3a27d586849e340ca1df8e9e5aa6f243e672b28393d1?s=96&d=mm&r=g\",\"contentUrl\":\"https:\\\/\\\/secure.gravatar.com\\\/avatar\\\/dabe45932ac3b66fc9fc3a27d586849e340ca1df8e9e5aa6f243e672b28393d1?s=96&d=mm&r=g\",\"caption\":\"Joanna Poralla-Bajor\"},\"url\":\"https:\\\/\\\/zs3.rybnik.pl\\\/www\\\/author\\\/joanna-poralla-bajor\\\/\"}]}<\/script>\n<!-- \/ Yoast SEO plugin. -->","yoast_head_json":{"title":"ZAPROSZENIE NA SPOTKANIE Z RODZICAMI - Zesp\u00f3\u0142 Szk\u00f3\u0142 nr 3 w Rybniku","robots":{"index":"index","follow":"follow","max-snippet":"max-snippet:-1","max-image-preview":"max-image-preview:large","max-video-preview":"max-video-preview:-1"},"canonical":"https:\/\/zs3.rybnik.pl\/www\/zaproszenie-na-spotkanie-z-rodzicami\/","og_locale":"pl_PL","og_type":"article","og_title":"ZAPROSZENIE NA SPOTKANIE Z RODZICAMI - Zesp\u00f3\u0142 Szk\u00f3\u0142 nr 3 w Rybniku","og_description":"Dyrekcja Zespo\u0142u Szk\u00f3\u0142 nr 3 w Rybniku zaprasza wszystkich rodzic\u00f3w uczni\u00f3w klas \u00d3SMYCH oraz TRZECICH gimnazjum na spotkanie w sprawie rekrutacji w roku szkolnym 2019\/20. &nbsp; Spotkanie odb\u0119dzie si\u0119 w poniedzia\u0142ek 28 stycznia o godzinie 17:00 w auli szkolnej. W spotkaniu uczestniczy\u0107 b\u0119d\u0105 r\u00f3wnie\u017c wychowawcy klas. Liczymy na Pa\u0144stwa obecno\u015b\u0107.","og_url":"https:\/\/zs3.rybnik.pl\/www\/zaproszenie-na-spotkanie-z-rodzicami\/","og_site_name":"Zesp\u00f3\u0142 Szk\u00f3\u0142 nr 3 w Rybniku","article_published_time":"2019-01-24T19:10:50+00:00","author":"Joanna Poralla-Bajor","twitter_card":"summary_large_image","twitter_misc":{"Napisane przez":"Joanna Poralla-Bajor"},"schema":{"@context":"https:\/\/schema.org","@graph":[{"@type":"Article","@id":"https:\/\/zs3.rybnik.pl\/www\/zaproszenie-na-spotkanie-z-rodzicami\/#article","isPartOf":{"@id":"https:\/\/zs3.rybnik.pl\/www\/zaproszenie-na-spotkanie-z-rodzicami\/"},"author":{"name":"Joanna Poralla-Bajor","@id":"https:\/\/zs3.rybnik.pl\/www\/#\/schema\/person\/6e1987809e14ea7a3d6f93cbfcc56cb8"},"headline":"ZAPROSZENIE NA SPOTKANIE Z RODZICAMI","datePublished":"2019-01-24T19:10:50+00:00","mainEntityOfPage":{"@id":"https:\/\/zs3.rybnik.pl\/www\/zaproszenie-na-spotkanie-z-rodzicami\/"},"wordCount":59,"commentCount":0,"publisher":{"@id":"https:\/\/zs3.rybnik.pl\/www\/#organization"},"articleSection":["Nowo\u015bci"],"inLanguage":"pl-PL"},{"@type":"WebPage","@id":"https:\/\/zs3.rybnik.pl\/www\/zaproszenie-na-spotkanie-z-rodzicami\/","url":"https:\/\/zs3.rybnik.pl\/www\/zaproszenie-na-spotkanie-z-rodzicami\/","name":"ZAPROSZENIE NA SPOTKANIE Z RODZICAMI - Zesp\u00f3\u0142 Szk\u00f3\u0142 nr 3 w Rybniku","isPartOf":{"@id":"https:\/\/zs3.rybnik.pl\/www\/#website"},"datePublished":"2019-01-24T19:10:50+00:00","breadcrumb":{"@id":"https:\/\/zs3.rybnik.pl\/www\/zaproszenie-na-spotkanie-z-rodzicami\/#breadcrumb"},"inLanguage":"pl-PL","potentialAction":[{"@type":"ReadAction","target":["https:\/\/zs3.rybnik.pl\/www\/zaproszenie-na-spotkanie-z-rodzicami\/"]}]},{"@type":"BreadcrumbList","@id":"https:\/\/zs3.rybnik.pl\/www\/zaproszenie-na-spotkanie-z-rodzicami\/#breadcrumb","itemListElement":[{"@type":"ListItem","position":1,"name":"Strona g\u0142\u00f3wna","item":"https:\/\/zs3.rybnik.pl\/www\/"},{"@type":"ListItem","position":2,"name":"ZAPROSZENIE NA SPOTKANIE Z RODZICAMI"}]},{"@type":"WebSite","@id":"https:\/\/zs3.rybnik.pl\/www\/#website","url":"https:\/\/zs3.rybnik.pl\/www\/","name":"Zesp\u00f3\u0142 Szk\u00f3\u0142 nr 3 w Rybniku","description":"Z pasj\u0105 do wiedzy, z odwag\u0105 w przysz\u0142o\u015b\u0107.","publisher":{"@id":"https:\/\/zs3.rybnik.pl\/www\/#organization"},"potentialAction":[{"@type":"SearchAction","target":{"@type":"EntryPoint","urlTemplate":"https:\/\/zs3.rybnik.pl\/www\/?s={search_term_string}"},"query-input":{"@type":"PropertyValueSpecification","valueRequired":true,"valueName":"search_term_string"}}],"inLanguage":"pl-PL"},{"@type":"Organization","@id":"https:\/\/zs3.rybnik.pl\/www\/#organization","name":"Zesp\u00f3\u0142 Szk\u00f3\u0142 nr 3 w Rybniku","url":"https:\/\/zs3.rybnik.pl\/www\/","logo":{"@type":"ImageObject","inLanguage":"pl-PL","@id":"https:\/\/zs3.rybnik.pl\/www\/#\/schema\/logo\/image\/","url":"https:\/\/zs3.rybnik.pl\/www\/wp-content\/uploads\/2026\/06\/logo-ZS3-1.jpg","contentUrl":"https:\/\/zs3.rybnik.pl\/www\/wp-content\/uploads\/2026\/06\/logo-ZS3-1.jpg","width":1182,"height":1182,"caption":"Zesp\u00f3\u0142 Szk\u00f3\u0142 nr 3 w Rybniku"},"image":{"@id":"https:\/\/zs3.rybnik.pl\/www\/#\/schema\/logo\/image\/"}},{"@type":"Person","@id":"https:\/\/zs3.rybnik.pl\/www\/#\/schema\/person\/6e1987809e14ea7a3d6f93cbfcc56cb8","name":"Joanna Poralla-Bajor","image":{"@type":"ImageObject","inLanguage":"pl-PL","@id":"https:\/\/secure.gravatar.com\/avatar\/dabe45932ac3b66fc9fc3a27d586849e340ca1df8e9e5aa6f243e672b28393d1?s=96&d=mm&r=g","url":"https:\/\/secure.gravatar.com\/avatar\/dabe45932ac3b66fc9fc3a27d586849e340ca1df8e9e5aa6f243e672b28393d1?s=96&d=mm&r=g","contentUrl":"https:\/\/secure.gravatar.com\/avatar\/dabe45932ac3b66fc9fc3a27d586849e340ca1df8e9e5aa6f243e672b28393d1?s=96&d=mm&r=g","caption":"Joanna Poralla-Bajor"},"url":"https:\/\/zs3.rybnik.pl\/www\/author\/joanna-poralla-bajor\/"}]}},"_links":{"self":[{"href":"https:\/\/zs3.rybnik.pl\/www\/wp-json\/wp\/v2\/posts\/6254","targetHints":{"allow":["GET"]}}],"collection":[{"href":"https:\/\/zs3.rybnik.pl\/www\/wp-json\/wp\/v2\/posts"}],"about":[{"href":"https:\/\/zs3.rybnik.pl\/www\/wp-json\/wp\/v2\/types\/post"}],"author":[{"embeddable":true,"href":"https:\/\/zs3.rybnik.pl\/www\/wp-json\/wp\/v2\/users\/4"}],"replies":[{"embeddable":true,"href":"https:\/\/zs3.rybnik.pl\/www\/wp-json\/wp\/v2\/comments?post=6254"}],"version-history":[{"count":0,"href":"https:\/\/zs3.rybnik.pl\/www\/wp-json\/wp\/v2\/posts\/6254\/revisions"}],"wp:attachment":[{"href":"https:\/\/zs3.rybnik.pl\/www\/wp-json\/wp\/v2\/media?parent=6254"}],"wp:term":[{"taxonomy":"category","embeddable":true,"href":"https:\/\/zs3.rybnik.pl\/www\/wp-json\/wp\/v2\/categories?post=6254"},{"taxonomy":"post_tag","embeddable":true,"href":"https:\/\/zs3.rybnik.pl\/www\/wp-json\/wp\/v2\/tags?post=6254"}],"curies":[{"name":"wp","href":"https:\/\/api.w.org\/{rel}","templated":true}]}}