{"id":6496,"date":"2019-02-07T22:59:43","date_gmt":"2019-02-07T21:59:43","guid":{"rendered":"http:\/\/zs3.rybnik.pl\/www\/?p=6496"},"modified":"2019-02-08T09:14:27","modified_gmt":"2019-02-08T08:14:27","slug":"prezentacja-projektu-fenomeny-kulury-zbigniew-herbert-pan-od-poezji","status":"publish","type":"post","link":"https:\/\/zs3.rybnik.pl\/www\/prezentacja-projektu-fenomeny-kulury-zbigniew-herbert-pan-od-poezji\/","title":{"rendered":"PREZENTACJA  PROJEKTU  \u201eFENOMENY KULTURY. ZBIGNIEW HERBERT-PAN OD POEZJI\u201d"},"content":{"rendered":"\n<div class=\"ngg-galleryoverview\" id=\"ngg-gallery-52ad42f41eb236713273b87fdd54fe76-6496\">\n\n\n\t<!-- Thumbnails -->\n    \t\t\n\t<div id=\"ngg-image-1632\" class=\"ngg-gallery-thumbnail-box\" style=\"width:33%;\" >\n\t\t<div class=\"ngg-gallery-thumbnail\" >\n\t\t\t<a href=\"https:\/\/zs3.rybnik.pl\/www\/wp-content\/gallery\/herbert\/1.JPG\"\n               title=\" \"\n               class=\"ngg-fancybox\" rel=\"52ad42f41eb236713273b87fdd54fe76\" data-image-id=\"1632\" data-src=\"https:\/\/zs3.rybnik.pl\/www\/wp-content\/gallery\/herbert\/1.JPG\" data-thumbnail=\"https:\/\/zs3.rybnik.pl\/www\/wp-content\/gallery\/herbert\/thumbs\/thumbs_1.JPG\" data-title=\"1\" data-description=\" \" >\n\t\t\t\t\t\t\t\t<img title=\"1\" alt=\"1\" src=\"https:\/\/zs3.rybnik.pl\/www\/wp-content\/gallery\/herbert\/thumbs\/thumbs_1.JPG\" width='240' height='160' \/>\n\t\t\t\t\t\t\t<\/a>\n\t\t<\/div>\n\t<\/div>\n\n                        \n \t\t\n\t<div id=\"ngg-image-1633\" class=\"ngg-gallery-thumbnail-box\" style=\"width:33%;\" >\n\t\t<div class=\"ngg-gallery-thumbnail\" >\n\t\t\t<a href=\"https:\/\/zs3.rybnik.pl\/www\/wp-content\/gallery\/herbert\/2.JPG\"\n               title=\" \"\n               class=\"ngg-fancybox\" rel=\"52ad42f41eb236713273b87fdd54fe76\" data-image-id=\"1633\" data-src=\"https:\/\/zs3.rybnik.pl\/www\/wp-content\/gallery\/herbert\/2.JPG\" data-thumbnail=\"https:\/\/zs3.rybnik.pl\/www\/wp-content\/gallery\/herbert\/thumbs\/thumbs_2.JPG\" data-title=\"2\" data-description=\" \" >\n\t\t\t\t\t\t\t\t<img title=\"2\" alt=\"2\" src=\"https:\/\/zs3.rybnik.pl\/www\/wp-content\/gallery\/herbert\/thumbs\/thumbs_2.JPG\" width='240' height='160' \/>\n\t\t\t\t\t\t\t<\/a>\n\t\t<\/div>\n\t<\/div>\n\n                        \n \t\t\n\t<div id=\"ngg-image-1634\" class=\"ngg-gallery-thumbnail-box\" style=\"width:33%;\" >\n\t\t<div class=\"ngg-gallery-thumbnail\" >\n\t\t\t<a href=\"https:\/\/zs3.rybnik.pl\/www\/wp-content\/gallery\/herbert\/3.JPG\"\n               title=\" \"\n               class=\"ngg-fancybox\" rel=\"52ad42f41eb236713273b87fdd54fe76\" data-image-id=\"1634\" data-src=\"https:\/\/zs3.rybnik.pl\/www\/wp-content\/gallery\/herbert\/3.JPG\" data-thumbnail=\"https:\/\/zs3.rybnik.pl\/www\/wp-content\/gallery\/herbert\/thumbs\/thumbs_3.JPG\" data-title=\"3\" data-description=\" \" >\n\t\t\t\t\t\t\t\t<img title=\"3\" alt=\"3\" src=\"https:\/\/zs3.rybnik.pl\/www\/wp-content\/gallery\/herbert\/thumbs\/thumbs_3.JPG\" width='240' height='160' \/>\n\t\t\t\t\t\t\t<\/a>\n\t\t<\/div>\n\t<\/div>\n\n                            <br style=\"clear: both\" \/>\n                \n \t\t\n\t<div id=\"ngg-image-1635\" class=\"ngg-gallery-thumbnail-box\" style=\"width:33%;\" >\n\t\t<div class=\"ngg-gallery-thumbnail\" >\n\t\t\t<a href=\"https:\/\/zs3.rybnik.pl\/www\/wp-content\/gallery\/herbert\/4.JPG\"\n               title=\" \"\n               class=\"ngg-fancybox\" rel=\"52ad42f41eb236713273b87fdd54fe76\" data-image-id=\"1635\" data-src=\"https:\/\/zs3.rybnik.pl\/www\/wp-content\/gallery\/herbert\/4.JPG\" data-thumbnail=\"https:\/\/zs3.rybnik.pl\/www\/wp-content\/gallery\/herbert\/thumbs\/thumbs_4.JPG\" data-title=\"4\" data-description=\" \" >\n\t\t\t\t\t\t\t\t<img title=\"4\" alt=\"4\" src=\"https:\/\/zs3.rybnik.pl\/www\/wp-content\/gallery\/herbert\/thumbs\/thumbs_4.JPG\" width='240' height='160' \/>\n\t\t\t\t\t\t\t<\/a>\n\t\t<\/div>\n\t<\/div>\n\n                        \n \t\t\n\t<div id=\"ngg-image-1636\" class=\"ngg-gallery-thumbnail-box\" style=\"width:33%;\" >\n\t\t<div class=\"ngg-gallery-thumbnail\" >\n\t\t\t<a href=\"https:\/\/zs3.rybnik.pl\/www\/wp-content\/gallery\/herbert\/5.JPG\"\n               title=\" \"\n               class=\"ngg-fancybox\" rel=\"52ad42f41eb236713273b87fdd54fe76\" data-image-id=\"1636\" data-src=\"https:\/\/zs3.rybnik.pl\/www\/wp-content\/gallery\/herbert\/5.JPG\" data-thumbnail=\"https:\/\/zs3.rybnik.pl\/www\/wp-content\/gallery\/herbert\/thumbs\/thumbs_5.JPG\" data-title=\"5\" data-description=\" \" >\n\t\t\t\t\t\t\t\t<img title=\"5\" alt=\"5\" src=\"https:\/\/zs3.rybnik.pl\/www\/wp-content\/gallery\/herbert\/thumbs\/thumbs_5.JPG\" width='240' height='160' \/>\n\t\t\t\t\t\t\t<\/a>\n\t\t<\/div>\n\t<\/div>\n\n                        \n \t\t\n\t<div id=\"ngg-image-1637\" class=\"ngg-gallery-thumbnail-box\" style=\"width:33%;\" >\n\t\t<div class=\"ngg-gallery-thumbnail\" >\n\t\t\t<a href=\"https:\/\/zs3.rybnik.pl\/www\/wp-content\/gallery\/herbert\/6.JPG\"\n               title=\" \"\n               class=\"ngg-fancybox\" rel=\"52ad42f41eb236713273b87fdd54fe76\" data-image-id=\"1637\" data-src=\"https:\/\/zs3.rybnik.pl\/www\/wp-content\/gallery\/herbert\/6.JPG\" data-thumbnail=\"https:\/\/zs3.rybnik.pl\/www\/wp-content\/gallery\/herbert\/thumbs\/thumbs_6.JPG\" data-title=\"6\" data-description=\" \" >\n\t\t\t\t\t\t\t\t<img title=\"6\" alt=\"6\" src=\"https:\/\/zs3.rybnik.pl\/www\/wp-content\/gallery\/herbert\/thumbs\/thumbs_6.JPG\" width='240' height='160' \/>\n\t\t\t\t\t\t\t<\/a>\n\t\t<\/div>\n\t<\/div>\n\n                            <br style=\"clear: both\" \/>\n                \n \t \t\n\t<!-- Pagination -->\n \t<div class='ngg-clear'><\/div> \t\n<\/div>\n\n\n<p>&nbsp;<\/p>\n<p style=\"text-align: justify;\"><em>W epoce kryzysu warto\u015bci i g\u0142\u0119bokiego zw\u0105tpienia Zbigniew Herbert zawsze sta\u0142 po stronie zasad: w sztuce \u2013 kanonu pi\u0119kna, hierarchii i rzemios\u0142a, w \u017cyciu \u2013 kodeks\u00f3w etycznych, jasno rozr\u00f3\u017cniaj\u0105cych poj\u0119cia dobra i z\u0142a. By\u0142 uosobieniem wierno\u015bci \u2013 samemu sobie i s\u0142owu\u201d <\/em>\u2013tak brzmia\u0142o uzasadnienie, kt\u00f3re znalaz\u0142o si\u0119 w ustawie ustanawiaj\u0105cej rok 2018 Rokiem Zbigniewa Herberta. To w\u0142a\u015bnie temu genialnemu tw\u00f3rcy zosta\u0142a po\u015bwi\u0119cona kolejna ods\u0142ona cyklu \u201eFenomeny kultury\u201d zaprezentowana w auli Zespo\u0142u Szk\u00f3\u0142 nr 3 w dniu 01.02.2019r.<\/p>\n<p style=\"text-align: justify;\">&nbsp;<\/p>\n<p style=\"text-align: justify;\">Uczniowie bior\u0105cy udzia\u0142 w projekcie wykazali si\u0119 niezwyk\u0142\u0105 m\u0105dro\u015bci\u0105 i dojrza\u0142o\u015bci\u0105 interpretacyjn\u0105 my\u015bli Herberta. Zaprezentowali r\u00f3wnie\u017c sw\u00f3j aktorski talent, propaguj\u0105c w\u015br\u00f3d swoich r\u00f3wie\u015bnik\u00f3w aktywny udzia\u0142 w kulturze. Szczeg\u00f3lne podzi\u0119kowania i gratulacje nale\u017c\u0105 si\u0119 artystom z klasy IIA oraz Weronice Ciu\u0107ce z klasy IIIA za udzia\u0142 w przedstawieniu&nbsp; przybli\u017caj\u0105cym sylwetk\u0119 Z. Herberta i promuj\u0105cym jego dorobek. Dzi\u0119kujemy Panu Paw\u0142owi Kordule i Pani Mireli Szutce z zespo\u0142em \u201eAdagio\u201d za niezwyk\u0142\u0105 muzyczn\u0105 opraw\u0119 ilustruj\u0105c\u0105 \u017cycie Herberta i jego tw\u00f3rczo\u015b\u0107.<\/p>\n<p style=\"text-align: justify;\"><!--more--><\/p>\n<p style=\"text-align: justify;\">&nbsp;<\/p>\n<p style=\"text-align: justify;\">&nbsp;<\/p>\n<p style=\"text-align: justify;\">Fina\u0142 projektu \u201eFenomeny kultury. Zbigniew Herbert-Pan od poezji\u201d by\u0142 r\u00f3wnie\u017c okazj\u0105 do rozstrzygni\u0119cia konkurs\u00f3w po\u015bwi\u0119conych poecie. Obejmowa\u0142y one trzy kategorie: literack\u0105, multimedialn\u0105 i plastyczn\u0105. Oto laureaci w poszczeg\u00f3lnych kategoriach:<\/p>\n<p style=\"text-align: justify;\">&nbsp;<\/p>\n<p><strong>KATEGORIA&nbsp; LITERACKA<\/strong><\/p>\n<ul>\n<li>I miejsce-Maja \u015awierk (kl.IA)<\/li>\n<li>II miejsce-Zuzanna K\u0142osek (kl.IID)<\/li>\n<li>III miejsce-Micha\u0142 Jork (kl.ID)<\/li>\n<li>Wyr\u00f3\u017cnienie \u2013 Tomasz K\u0119dzierski (kl.3d gimnazjum)<\/li>\n<\/ul>\n<p>&nbsp;<\/p>\n<p><strong>KATEGORIA&nbsp; MULTIMEDIALNA<\/strong><\/p>\n<ul>\n<li>I miejsce-Kinga Porwo\u0142 (kl.IIA)<\/li>\n<li>II miejsce-Daniel Gembala (kl.IID)<\/li>\n<li>III miejsce-Wiktoria Szo\u0142tysek (kl.IID)<\/li>\n<\/ul>\n<p>&nbsp;<\/p>\n<p><strong>KATEGORIA&nbsp; PLASTYCZNA<\/strong><\/p>\n<ul>\n<li>I miejsce-Liwia Garczarek (kl.IA)<\/li>\n<li>II miejsce-Miko\u0142aj Polczyk (kl.IC)<\/li>\n<li>III miejsce-Fabian Niemiec (kl.IIA)<\/li>\n<\/ul>\n<p>&nbsp;<\/p>\n<p>Zapraszamy do obejrzenia <a href=\"https:\/\/drive.google.com\/open?id=1Cy1C4rFMXGzUD9S47Cp9aLohZ5nxVA1T\">filmu<\/a>.<\/p>\n","protected":false},"excerpt":{"rendered":"<p>&#8221; template=&#8221;\/home\/zs3\/domains\/zs3.rybnik.pl\/public_html\/www\/wp-content\/plugins\/nextgen-gallery\/products\/photocrati_nextgen\/modules\/ngglegacy\/view\/gallery.php&#8221; order_by=&#8221;sortorder&#8221; order_direction=&#8221;ASC&#8221; returns=&#8221;included&#8221; maximum_entity_count=&#8221;500&#8243; display_type=&#8221;photocrati-nextgen_basic_thumbnails&#8221;] &nbsp; W epoce kryzysu warto\u015bci i g\u0142\u0119bokiego zw\u0105tpienia Zbigniew Herbert zawsze sta\u0142 po stronie zasad: w sztuce \u2013 kanonu pi\u0119kna, hierarchii i rzemios\u0142a, w \u017cyciu \u2013 kodeks\u00f3w etycznych, jasno rozr\u00f3\u017cniaj\u0105cych poj\u0119cia dobra i [&hellip;]<\/p>\n","protected":false},"author":7,"featured_media":0,"comment_status":"open","ping_status":"open","sticky":false,"template":"","format":"standard","meta":{"ngg_post_thumbnail":0},"categories":[1],"tags":[],"_links":{"self":[{"href":"https:\/\/zs3.rybnik.pl\/www\/wp-json\/wp\/v2\/posts\/6496"}],"collection":[{"href":"https:\/\/zs3.rybnik.pl\/www\/wp-json\/wp\/v2\/posts"}],"about":[{"href":"https:\/\/zs3.rybnik.pl\/www\/wp-json\/wp\/v2\/types\/post"}],"author":[{"embeddable":true,"href":"https:\/\/zs3.rybnik.pl\/www\/wp-json\/wp\/v2\/users\/7"}],"replies":[{"embeddable":true,"href":"https:\/\/zs3.rybnik.pl\/www\/wp-json\/wp\/v2\/comments?post=6496"}],"version-history":[{"count":13,"href":"https:\/\/zs3.rybnik.pl\/www\/wp-json\/wp\/v2\/posts\/6496\/revisions"}],"predecessor-version":[{"id":6509,"href":"https:\/\/zs3.rybnik.pl\/www\/wp-json\/wp\/v2\/posts\/6496\/revisions\/6509"}],"wp:attachment":[{"href":"https:\/\/zs3.rybnik.pl\/www\/wp-json\/wp\/v2\/media?parent=6496"}],"wp:term":[{"taxonomy":"category","embeddable":true,"href":"https:\/\/zs3.rybnik.pl\/www\/wp-json\/wp\/v2\/categories?post=6496"},{"taxonomy":"post_tag","embeddable":true,"href":"https:\/\/zs3.rybnik.pl\/www\/wp-json\/wp\/v2\/tags?post=6496"}],"curies":[{"name":"wp","href":"https:\/\/api.w.org\/{rel}","templated":true}]}}