{"id":7186,"date":"2019-04-01T18:06:29","date_gmt":"2019-04-01T16:06:29","guid":{"rendered":"http:\/\/zs3.rybnik.pl\/www\/?p=7186"},"modified":"2019-04-03T10:09:18","modified_gmt":"2019-04-03T08:09:18","slug":"konkurs-dla-licealistow-z-okazji-roku-moniuszki","status":"publish","type":"post","link":"https:\/\/zs3.rybnik.pl\/www\/konkurs-dla-licealistow-z-okazji-roku-moniuszki\/","title":{"rendered":"KONKURS DLA LICEALIST\u00d3W Z OKAZJI ROKU MONIUSZKI"},"content":{"rendered":"<p><img loading=\"lazy\" class=\" wp-image-7188 aligncenter\" src=\"https:\/\/zs3.rybnik.pl\/www\/wp-content\/uploads\/2019\/04\/Moniuszko-300x165.jpg\" alt=\"Moniuszko\" width=\"345\" height=\"190\" srcset=\"https:\/\/zs3.rybnik.pl\/www\/wp-content\/uploads\/2019\/04\/Moniuszko-300x165.jpg 300w, https:\/\/zs3.rybnik.pl\/www\/wp-content\/uploads\/2019\/04\/Moniuszko-768x424.jpg 768w, https:\/\/zs3.rybnik.pl\/www\/wp-content\/uploads\/2019\/04\/Moniuszko-1024x565.jpg 1024w, https:\/\/zs3.rybnik.pl\/www\/wp-content\/uploads\/2019\/04\/Moniuszko-159x88.jpg 159w\" sizes=\"(max-width: 345px) 100vw, 345px\" \/><\/p>\n<p style=\"text-align: justify;\">Stowarzyszenie \u015apiewacze Ch\u00f3r \u201dSeraf\u201d z&nbsp;Rybnika zaprasza naszych uzdolnionych licealist\u00f3w do wzi\u0119cia udzia\u0142u w&nbsp;konkursie \u201eSTANIS\u0141AW MONIUSZKO \u2013 PIE\u015aNI I&nbsp;WSPOMNIENIA\u201d. Wszystkie prace powinny by\u0107 autorskie, wykonane przez jednego uczestnika (nie przez grup\u0119). Ka\u017cdy uczestnik mo\u017ce wykona\u0107 tylko jedn\u0105 prac\u0119.<\/p>\n<p style=\"text-align: justify;\">Konkurs przeprowadzony zostanie w&nbsp;dw\u00f3ch kategoriach. Uczniowie przygotowuj\u0105 do wyboru: plakat, grafik\u0119 komputerow\u0105&nbsp; formacie A4 nawi\u0105zuj\u0105c\u0105 do&nbsp; postaci i&nbsp;tw\u00f3rczo\u015bci Stanis\u0142awa Moniuszki lub film, fotokast&nbsp; (do 5 minut) przedstawiaj\u0105cy posta\u0107 i&nbsp;dokonania kompozytora.<\/p>\n<p style=\"text-align: justify;\">Na prace czekamy do 25 kwietnia 2019&nbsp;r. (czwartek po Wielkanocy). Wszelkie zapytania nale\u017cy kierowa\u0107 do szkolnego koordynatora konkursu, pani Barbary Paduli.<\/p>\n","protected":false},"excerpt":{"rendered":"<p>Stowarzyszenie \u015apiewacze Ch\u00f3r \u201dSeraf\u201d z&nbsp;Rybnika zaprasza naszych uzdolnionych licealist\u00f3w do wzi\u0119cia udzia\u0142u w&nbsp;konkursie \u201eSTANIS\u0141AW MONIUSZKO \u2013 PIE\u015aNI I&nbsp;WSPOMNIENIA\u201d. Wszystkie prace powinny by\u0107 autorskie, wykonane przez jednego uczestnika (nie przez grup\u0119). Ka\u017cdy uczestnik mo\u017ce wykona\u0107 tylko jedn\u0105 prac\u0119. Konkurs przeprowadzony zostanie [&hellip;]<\/p>\n","protected":false},"author":2,"featured_media":0,"comment_status":"open","ping_status":"open","sticky":false,"template":"","format":"standard","meta":{"ngg_post_thumbnail":0},"categories":[9,1],"tags":[],"_links":{"self":[{"href":"https:\/\/zs3.rybnik.pl\/www\/wp-json\/wp\/v2\/posts\/7186"}],"collection":[{"href":"https:\/\/zs3.rybnik.pl\/www\/wp-json\/wp\/v2\/posts"}],"about":[{"href":"https:\/\/zs3.rybnik.pl\/www\/wp-json\/wp\/v2\/types\/post"}],"author":[{"embeddable":true,"href":"https:\/\/zs3.rybnik.pl\/www\/wp-json\/wp\/v2\/users\/2"}],"replies":[{"embeddable":true,"href":"https:\/\/zs3.rybnik.pl\/www\/wp-json\/wp\/v2\/comments?post=7186"}],"version-history":[{"count":4,"href":"https:\/\/zs3.rybnik.pl\/www\/wp-json\/wp\/v2\/posts\/7186\/revisions"}],"predecessor-version":[{"id":7191,"href":"https:\/\/zs3.rybnik.pl\/www\/wp-json\/wp\/v2\/posts\/7186\/revisions\/7191"}],"wp:attachment":[{"href":"https:\/\/zs3.rybnik.pl\/www\/wp-json\/wp\/v2\/media?parent=7186"}],"wp:term":[{"taxonomy":"category","embeddable":true,"href":"https:\/\/zs3.rybnik.pl\/www\/wp-json\/wp\/v2\/categories?post=7186"},{"taxonomy":"post_tag","embeddable":true,"href":"https:\/\/zs3.rybnik.pl\/www\/wp-json\/wp\/v2\/tags?post=7186"}],"curies":[{"name":"wp","href":"https:\/\/api.w.org\/{rel}","templated":true}]}}