{"id":7663,"date":"2019-04-15T20:24:11","date_gmt":"2019-04-15T18:24:11","guid":{"rendered":"http:\/\/zs3.rybnik.pl\/www\/?p=7663"},"modified":"2019-04-28T23:28:07","modified_gmt":"2019-04-28T21:28:07","slug":"wizyta-gosci-z-hiszpanii-dzien-po-dniu","status":"publish","type":"post","link":"https:\/\/zs3.rybnik.pl\/www\/wizyta-gosci-z-hiszpanii-dzien-po-dniu\/","title":{"rendered":"WIZYTA GO\u015aCI Z HISZPANII DZIE\u0143 PO DNIU&#8230;"},"content":{"rendered":"\n<div class=\"ngg-galleryoverview\" id=\"ngg-gallery-4f4aa677b20c0d65d8eff0fc112b6476-7663\">\n\n\n\t<!-- Thumbnails -->\n    \t\t\n\t<div id=\"ngg-image-1887\" class=\"ngg-gallery-thumbnail-box\" style=\"width:25%;\" >\n\t\t<div class=\"ngg-gallery-thumbnail\" >\n\t\t\t<a href=\"https:\/\/zs3.rybnik.pl\/www\/wp-content\/gallery\/wizyta_gosci_z_hiszpanii_04_2019\/1.jpg\"\n               title=\" \"\n               class=\"ngg-fancybox\" rel=\"4f4aa677b20c0d65d8eff0fc112b6476\" data-image-id=\"1887\" data-src=\"https:\/\/zs3.rybnik.pl\/www\/wp-content\/gallery\/wizyta_gosci_z_hiszpanii_04_2019\/1.jpg\" data-thumbnail=\"https:\/\/zs3.rybnik.pl\/www\/wp-content\/gallery\/wizyta_gosci_z_hiszpanii_04_2019\/thumbs\/thumbs_1.jpg\" data-title=\"1\" data-description=\" \" >\n\t\t\t\t\t\t\t\t<img title=\"1\" alt=\"1\" src=\"https:\/\/zs3.rybnik.pl\/www\/wp-content\/gallery\/wizyta_gosci_z_hiszpanii_04_2019\/thumbs\/thumbs_1.jpg\" width='240' height='160' \/>\n\t\t\t\t\t\t\t<\/a>\n\t\t<\/div>\n\t<\/div>\n\n                        \n \t\t\n\t<div id=\"ngg-image-1888\" class=\"ngg-gallery-thumbnail-box\" style=\"width:25%;\" >\n\t\t<div class=\"ngg-gallery-thumbnail\" >\n\t\t\t<a href=\"https:\/\/zs3.rybnik.pl\/www\/wp-content\/gallery\/wizyta_gosci_z_hiszpanii_04_2019\/2.jpg\"\n               title=\" \"\n               class=\"ngg-fancybox\" rel=\"4f4aa677b20c0d65d8eff0fc112b6476\" data-image-id=\"1888\" data-src=\"https:\/\/zs3.rybnik.pl\/www\/wp-content\/gallery\/wizyta_gosci_z_hiszpanii_04_2019\/2.jpg\" data-thumbnail=\"https:\/\/zs3.rybnik.pl\/www\/wp-content\/gallery\/wizyta_gosci_z_hiszpanii_04_2019\/thumbs\/thumbs_2.jpg\" data-title=\"2\" data-description=\" \" >\n\t\t\t\t\t\t\t\t<img title=\"2\" alt=\"2\" src=\"https:\/\/zs3.rybnik.pl\/www\/wp-content\/gallery\/wizyta_gosci_z_hiszpanii_04_2019\/thumbs\/thumbs_2.jpg\" width='240' height='160' \/>\n\t\t\t\t\t\t\t<\/a>\n\t\t<\/div>\n\t<\/div>\n\n                        \n \t\t\n\t<div id=\"ngg-image-1889\" class=\"ngg-gallery-thumbnail-box\" style=\"width:25%;\" >\n\t\t<div class=\"ngg-gallery-thumbnail\" >\n\t\t\t<a href=\"https:\/\/zs3.rybnik.pl\/www\/wp-content\/gallery\/wizyta_gosci_z_hiszpanii_04_2019\/3.jpg\"\n               title=\" \"\n               class=\"ngg-fancybox\" rel=\"4f4aa677b20c0d65d8eff0fc112b6476\" data-image-id=\"1889\" data-src=\"https:\/\/zs3.rybnik.pl\/www\/wp-content\/gallery\/wizyta_gosci_z_hiszpanii_04_2019\/3.jpg\" data-thumbnail=\"https:\/\/zs3.rybnik.pl\/www\/wp-content\/gallery\/wizyta_gosci_z_hiszpanii_04_2019\/thumbs\/thumbs_3.jpg\" data-title=\"3\" data-description=\" \" >\n\t\t\t\t\t\t\t\t<img title=\"3\" alt=\"3\" src=\"https:\/\/zs3.rybnik.pl\/www\/wp-content\/gallery\/wizyta_gosci_z_hiszpanii_04_2019\/thumbs\/thumbs_3.jpg\" width='240' height='160' \/>\n\t\t\t\t\t\t\t<\/a>\n\t\t<\/div>\n\t<\/div>\n\n                        \n \t\t\n\t<div id=\"ngg-image-1890\" class=\"ngg-gallery-thumbnail-box\" style=\"width:25%;\" >\n\t\t<div class=\"ngg-gallery-thumbnail\" >\n\t\t\t<a href=\"https:\/\/zs3.rybnik.pl\/www\/wp-content\/gallery\/wizyta_gosci_z_hiszpanii_04_2019\/4.jpg\"\n               title=\" \"\n               class=\"ngg-fancybox\" rel=\"4f4aa677b20c0d65d8eff0fc112b6476\" data-image-id=\"1890\" data-src=\"https:\/\/zs3.rybnik.pl\/www\/wp-content\/gallery\/wizyta_gosci_z_hiszpanii_04_2019\/4.jpg\" data-thumbnail=\"https:\/\/zs3.rybnik.pl\/www\/wp-content\/gallery\/wizyta_gosci_z_hiszpanii_04_2019\/thumbs\/thumbs_4.jpg\" data-title=\"4\" data-description=\" \" >\n\t\t\t\t\t\t\t\t<img title=\"4\" alt=\"4\" src=\"https:\/\/zs3.rybnik.pl\/www\/wp-content\/gallery\/wizyta_gosci_z_hiszpanii_04_2019\/thumbs\/thumbs_4.jpg\" width='240' height='160' \/>\n\t\t\t\t\t\t\t<\/a>\n\t\t<\/div>\n\t<\/div>\n\n                            <br style=\"clear: both\" \/>\n                \n \t\t\n\t<div id=\"ngg-image-1891\" class=\"ngg-gallery-thumbnail-box\" style=\"width:25%;\" >\n\t\t<div class=\"ngg-gallery-thumbnail\" >\n\t\t\t<a href=\"https:\/\/zs3.rybnik.pl\/www\/wp-content\/gallery\/wizyta_gosci_z_hiszpanii_04_2019\/5.jpg\"\n               title=\" \"\n               class=\"ngg-fancybox\" rel=\"4f4aa677b20c0d65d8eff0fc112b6476\" data-image-id=\"1891\" data-src=\"https:\/\/zs3.rybnik.pl\/www\/wp-content\/gallery\/wizyta_gosci_z_hiszpanii_04_2019\/5.jpg\" data-thumbnail=\"https:\/\/zs3.rybnik.pl\/www\/wp-content\/gallery\/wizyta_gosci_z_hiszpanii_04_2019\/thumbs\/thumbs_5.jpg\" data-title=\"5\" data-description=\" \" >\n\t\t\t\t\t\t\t\t<img title=\"5\" alt=\"5\" src=\"https:\/\/zs3.rybnik.pl\/www\/wp-content\/gallery\/wizyta_gosci_z_hiszpanii_04_2019\/thumbs\/thumbs_5.jpg\" width='240' height='160' \/>\n\t\t\t\t\t\t\t<\/a>\n\t\t<\/div>\n\t<\/div>\n\n                        \n \t\t\n\t<div id=\"ngg-image-1892\" class=\"ngg-gallery-thumbnail-box\" style=\"width:25%;\" >\n\t\t<div class=\"ngg-gallery-thumbnail\" >\n\t\t\t<a href=\"https:\/\/zs3.rybnik.pl\/www\/wp-content\/gallery\/wizyta_gosci_z_hiszpanii_04_2019\/6.jpg\"\n               title=\" \"\n               class=\"ngg-fancybox\" rel=\"4f4aa677b20c0d65d8eff0fc112b6476\" data-image-id=\"1892\" data-src=\"https:\/\/zs3.rybnik.pl\/www\/wp-content\/gallery\/wizyta_gosci_z_hiszpanii_04_2019\/6.jpg\" data-thumbnail=\"https:\/\/zs3.rybnik.pl\/www\/wp-content\/gallery\/wizyta_gosci_z_hiszpanii_04_2019\/thumbs\/thumbs_6.jpg\" data-title=\"6\" data-description=\" \" >\n\t\t\t\t\t\t\t\t<img title=\"6\" alt=\"6\" src=\"https:\/\/zs3.rybnik.pl\/www\/wp-content\/gallery\/wizyta_gosci_z_hiszpanii_04_2019\/thumbs\/thumbs_6.jpg\" width='240' height='160' \/>\n\t\t\t\t\t\t\t<\/a>\n\t\t<\/div>\n\t<\/div>\n\n                        \n \t\t\n\t<div id=\"ngg-image-1893\" class=\"ngg-gallery-thumbnail-box\" style=\"width:25%;\" >\n\t\t<div class=\"ngg-gallery-thumbnail\" >\n\t\t\t<a href=\"https:\/\/zs3.rybnik.pl\/www\/wp-content\/gallery\/wizyta_gosci_z_hiszpanii_04_2019\/7.jpg\"\n               title=\" \"\n               class=\"ngg-fancybox\" rel=\"4f4aa677b20c0d65d8eff0fc112b6476\" data-image-id=\"1893\" data-src=\"https:\/\/zs3.rybnik.pl\/www\/wp-content\/gallery\/wizyta_gosci_z_hiszpanii_04_2019\/7.jpg\" data-thumbnail=\"https:\/\/zs3.rybnik.pl\/www\/wp-content\/gallery\/wizyta_gosci_z_hiszpanii_04_2019\/thumbs\/thumbs_7.jpg\" data-title=\"7\" data-description=\" \" >\n\t\t\t\t\t\t\t\t<img title=\"7\" alt=\"7\" src=\"https:\/\/zs3.rybnik.pl\/www\/wp-content\/gallery\/wizyta_gosci_z_hiszpanii_04_2019\/thumbs\/thumbs_7.jpg\" width='240' height='160' \/>\n\t\t\t\t\t\t\t<\/a>\n\t\t<\/div>\n\t<\/div>\n\n                        \n \t\t\n\t<div id=\"ngg-image-1894\" class=\"ngg-gallery-thumbnail-box\" style=\"width:25%;\" >\n\t\t<div class=\"ngg-gallery-thumbnail\" >\n\t\t\t<a href=\"https:\/\/zs3.rybnik.pl\/www\/wp-content\/gallery\/wizyta_gosci_z_hiszpanii_04_2019\/8.jpg\"\n               title=\" \"\n               class=\"ngg-fancybox\" rel=\"4f4aa677b20c0d65d8eff0fc112b6476\" data-image-id=\"1894\" data-src=\"https:\/\/zs3.rybnik.pl\/www\/wp-content\/gallery\/wizyta_gosci_z_hiszpanii_04_2019\/8.jpg\" data-thumbnail=\"https:\/\/zs3.rybnik.pl\/www\/wp-content\/gallery\/wizyta_gosci_z_hiszpanii_04_2019\/thumbs\/thumbs_8.jpg\" data-title=\"8\" data-description=\" \" >\n\t\t\t\t\t\t\t\t<img title=\"8\" alt=\"8\" src=\"https:\/\/zs3.rybnik.pl\/www\/wp-content\/gallery\/wizyta_gosci_z_hiszpanii_04_2019\/thumbs\/thumbs_8.jpg\" width='240' height='160' \/>\n\t\t\t\t\t\t\t<\/a>\n\t\t<\/div>\n\t<\/div>\n\n                            <br style=\"clear: both\" \/>\n                \n \t\t\n\t<div id=\"ngg-image-1895\" class=\"ngg-gallery-thumbnail-box\" style=\"width:25%;\" >\n\t\t<div class=\"ngg-gallery-thumbnail\" >\n\t\t\t<a href=\"https:\/\/zs3.rybnik.pl\/www\/wp-content\/gallery\/wizyta_gosci_z_hiszpanii_04_2019\/9.jpg\"\n               title=\" \"\n               class=\"ngg-fancybox\" rel=\"4f4aa677b20c0d65d8eff0fc112b6476\" data-image-id=\"1895\" data-src=\"https:\/\/zs3.rybnik.pl\/www\/wp-content\/gallery\/wizyta_gosci_z_hiszpanii_04_2019\/9.jpg\" data-thumbnail=\"https:\/\/zs3.rybnik.pl\/www\/wp-content\/gallery\/wizyta_gosci_z_hiszpanii_04_2019\/thumbs\/thumbs_9.jpg\" data-title=\"9\" data-description=\" \" >\n\t\t\t\t\t\t\t\t<img title=\"9\" alt=\"9\" src=\"https:\/\/zs3.rybnik.pl\/www\/wp-content\/gallery\/wizyta_gosci_z_hiszpanii_04_2019\/thumbs\/thumbs_9.jpg\" width='240' height='160' \/>\n\t\t\t\t\t\t\t<\/a>\n\t\t<\/div>\n\t<\/div>\n\n                        \n \t\t\n\t<div id=\"ngg-image-1896\" class=\"ngg-gallery-thumbnail-box\" style=\"width:25%;\" >\n\t\t<div class=\"ngg-gallery-thumbnail\" >\n\t\t\t<a href=\"https:\/\/zs3.rybnik.pl\/www\/wp-content\/gallery\/wizyta_gosci_z_hiszpanii_04_2019\/10.jpg\"\n               title=\" \"\n               class=\"ngg-fancybox\" rel=\"4f4aa677b20c0d65d8eff0fc112b6476\" data-image-id=\"1896\" data-src=\"https:\/\/zs3.rybnik.pl\/www\/wp-content\/gallery\/wizyta_gosci_z_hiszpanii_04_2019\/10.jpg\" data-thumbnail=\"https:\/\/zs3.rybnik.pl\/www\/wp-content\/gallery\/wizyta_gosci_z_hiszpanii_04_2019\/thumbs\/thumbs_10.jpg\" data-title=\"10\" data-description=\" \" >\n\t\t\t\t\t\t\t\t<img title=\"10\" alt=\"10\" src=\"https:\/\/zs3.rybnik.pl\/www\/wp-content\/gallery\/wizyta_gosci_z_hiszpanii_04_2019\/thumbs\/thumbs_10.jpg\" width='240' height='160' \/>\n\t\t\t\t\t\t\t<\/a>\n\t\t<\/div>\n\t<\/div>\n\n                        \n \t\t\n\t<div id=\"ngg-image-1897\" class=\"ngg-gallery-thumbnail-box\" style=\"width:25%;\" >\n\t\t<div class=\"ngg-gallery-thumbnail\" >\n\t\t\t<a href=\"https:\/\/zs3.rybnik.pl\/www\/wp-content\/gallery\/wizyta_gosci_z_hiszpanii_04_2019\/11.jpg\"\n               title=\" \"\n               class=\"ngg-fancybox\" rel=\"4f4aa677b20c0d65d8eff0fc112b6476\" data-image-id=\"1897\" data-src=\"https:\/\/zs3.rybnik.pl\/www\/wp-content\/gallery\/wizyta_gosci_z_hiszpanii_04_2019\/11.jpg\" data-thumbnail=\"https:\/\/zs3.rybnik.pl\/www\/wp-content\/gallery\/wizyta_gosci_z_hiszpanii_04_2019\/thumbs\/thumbs_11.jpg\" data-title=\"11\" data-description=\" \" >\n\t\t\t\t\t\t\t\t<img title=\"11\" alt=\"11\" src=\"https:\/\/zs3.rybnik.pl\/www\/wp-content\/gallery\/wizyta_gosci_z_hiszpanii_04_2019\/thumbs\/thumbs_11.jpg\" width='240' height='160' \/>\n\t\t\t\t\t\t\t<\/a>\n\t\t<\/div>\n\t<\/div>\n\n                        \n \t\t\n\t<div id=\"ngg-image-1898\" class=\"ngg-gallery-thumbnail-box\" style=\"width:25%;\" >\n\t\t<div class=\"ngg-gallery-thumbnail\" >\n\t\t\t<a href=\"https:\/\/zs3.rybnik.pl\/www\/wp-content\/gallery\/wizyta_gosci_z_hiszpanii_04_2019\/12.jpg\"\n               title=\" \"\n               class=\"ngg-fancybox\" rel=\"4f4aa677b20c0d65d8eff0fc112b6476\" data-image-id=\"1898\" data-src=\"https:\/\/zs3.rybnik.pl\/www\/wp-content\/gallery\/wizyta_gosci_z_hiszpanii_04_2019\/12.jpg\" data-thumbnail=\"https:\/\/zs3.rybnik.pl\/www\/wp-content\/gallery\/wizyta_gosci_z_hiszpanii_04_2019\/thumbs\/thumbs_12.jpg\" data-title=\"12\" data-description=\" \" >\n\t\t\t\t\t\t\t\t<img title=\"12\" alt=\"12\" src=\"https:\/\/zs3.rybnik.pl\/www\/wp-content\/gallery\/wizyta_gosci_z_hiszpanii_04_2019\/thumbs\/thumbs_12.jpg\" width='240' height='160' \/>\n\t\t\t\t\t\t\t<\/a>\n\t\t<\/div>\n\t<\/div>\n\n                            <br style=\"clear: both\" \/>\n                \n \t \t\n\t<!-- Pagination -->\n \t<div class='ngg-clear'><\/div> \t\n<\/div>\n\n\n<p>&nbsp;<\/p>\n<p style=\"text-align: justify;\"><span class=\" _2iem\">Poniedzia\u0142ek, <strong>1 kwietnia 2019r.<\/strong> by\u0142 pierwszym dniem wizyty partnerskiej szko\u0142y La Salle La Estrella z San Asensio. Dzie\u0144 ten rozpocz\u0105\u0142 si\u0119 od przywitania hiszpa\u0144skich go\u015bci przez Pani\u0105 Wicedyrektor Agnieszk\u0119 Mier\u0119 oraz koordynator\u00f3w projektu Joann\u0119 Kozaczuk i Jagod\u0119 Kozie\u0142. Po Przywitaniu przyszed\u0142 czas na przedstawienie rezultat\u00f3w pracy obu szk\u00f3\u0142. Uczniowie klas trzecich gimnazjum mogli obejrze\u0107 prezentacj\u0119 polskiej grupy Erasmus + przedstawiaj\u0105cej prac\u0119 wykonan\u0105 w ostatnim semestrze od ostatniej wizyty , nast\u0119pnie uczniowie obejrzeli rezultaty pracy wsp\u00f3lnej polsko-hiszpa\u0144skiej podczas poprzedniej wizyty, a wi\u0119c minicookery book, audiobook oraz trzeci\u0105 cz\u0119\u015b\u0107 filmu na temat gotowania zdrowych przepis\u00f3w polsko \u2013 hiszpa\u0144skich. P\u00f3\u017aniej uczniowie hiszpa\u0144scy wzi\u0119li udzia\u0142 w lekcjach z uczniami polskimi w poszczeg\u00f3lnych klasach, a do ko\u0144ca dnia grupa Erasmus rozpocz\u0119\u0142a prac\u0119 nad nakr\u0119ceniem ostatniej cz\u0119\u015bci filmu. Drugi dzie\u0144 wymiany partnerskiej to wizyta w Warszawie&#8230; <\/span><\/p>\n<p style=\"text-align: justify;\"><!--more--><\/p>\n<p style=\"text-align: justify;\"><span class=\" _2iem\">Jako punkt pierwszy programu uczniowie grupy Erasmus + oraz klasa 3d gimnazjum mieli okazj\u0119 zwiedzi\u0107 Centrum Nauki Kopernik i w innowacyjny spos\u00f3b sprawdzi\u0107 swoj\u0105 wiedz\u0119 z zakresu przedmiot\u00f3w przyrodniczych. Nast\u0119pnie grupa uda\u0142a si\u0119 na kr\u00f3tki spacer po Warszawie, aby pozna\u0107 jego najwa\u017cniejsze punkty. Dzie\u0144 ten by\u0142 bardzo d\u0142ugi, ale uczniowie mieli okazj\u0119 przez d\u0142ugi czas integrowa\u0107 si\u0119 z grup\u0105 hiszpa\u0144sk\u0105. Opiek\u0119 nad uczniami w trakcie pobytu w Warszawie sprawowali Joanna Kozaczuk, Jagoda Kozie\u0142 , Joanna Poralla \u2013 Bajor, Aleksandra Roleder oraz dwie nauczycielki z Hiszpanii. \u015aroda, 03 kwietnia to ju\u017c trzeci dzie\u0144 wizyty grupy Hiszpan\u00f3w w naszej szkole. Ten dzie\u0144 up\u0142yn\u0105\u0142 nam pod has\u0142em \u201eNie b\u00f3j si\u0119 raka\u201d. Wszystkie dzia\u0142ania projektowe w tym dniu by\u0142y zwi\u0105zane z profilaktyk\u0105 nowotworow\u0105. Rano klasy trzecie gimnazjum oraz nasi hiszpa\u0144scy go\u015bcie wys\u0142uchali bardzo ciekawego wyk\u0142adu pani dr. Katarzyny Musio\u0142, pediatry i onkologa. Pani doktor w bardzo ciekawy, poruszaj\u0105cy i przyst\u0119pny spos\u00f3b opowiedzia\u0142a nam jak tworzy si\u0119 nowotw\u00f3r, jakie s\u0105 jego przyczyny i objawy. Przekaza\u0142a nam bardzo du\u017co wiedzy i uczuli\u0142a na to, aby obserwowa\u0107 swoje cia\u0142o i zwraca\u0107 uwag\u0119 na niepokoj\u0105ce symptomy. Ponadto przekonali\u015bmy si\u0119 jak wiele os\u00f3b, nawet z najbli\u017cszego otoczenia zmaga si\u0119 z chorobom nowotworow\u0105 i \u017ce powinni\u015bmy ich wspiera\u0107. Nast\u0119pnie uczniowie polscy oraz hiszpa\u0144scy przedstawili przygotowane przez siebie prezentacje na temat czynnik\u00f3w ryzyka wyst\u0105pienia nowotwor\u00f3w oraz jak si\u0119 przed nimi chroni\u0107. Jednym z istotnych element\u00f3w w profilaktyce nowotworowej jest aktywno\u015b\u0107 fizyczna, dlatego uczniowie klasy 3c wraz trenerem Piotrem Pasiem zabrali uczni\u00f3w hiszpa\u0144skich na trening pi\u0142ki no\u017cnej. By\u0142a to nie tylko okazja do za\u017cycia ruchu na \u015bwie\u017cym powietrzu, ale te\u017c wsp\u00f3lna zabawa i integracja. Kolejnym dzia\u0142aniem w tym dniu by\u0142o nagranie czwartej cz\u0119\u015bci filmu b\u0119d\u0105cego cz\u0119\u015bci\u0105 naszego projektu. By\u0142a to bajka dla dzieci w j\u0119zyku angielskim pt. \u201eTwo Worlds\u201d przedstawiaj\u0105ca w zabawny spos\u00f3b zasady zdrowego od\u017cywiania i stylu \u017cycia wraz z naciskiem na profilaktyk\u0119 nowotworow\u0105. Nad przebiegiem wszystkich dzia\u0142a\u0144 czuwa\u0142y p. Joanna Kozaczuk oraz p. Jagoda Kozie\u0142 z pomoc\u0105 p. Katarzyny Pi\u0105tek, p. Karoliny Lewosz, p. Paw\u0142a Kordu\u0142y oraz p. Piotra Pasia. Dzie\u0144 czwarty grupa Erasmus sp\u0119dzi\u0142a w \u017barkach zwiedzaj\u0105c Muzeum Rzemios\u0142a. Kolejnym punktem tego dnia by\u0142 przejazd gazikiem po terenach Jury Krakowsko- Cz\u0119stochowskiej, a nast\u0119pnie grupa uda\u0142a si\u0119 do Ogrodzie\u0144ca, gdzie uczniowie poznali histori\u0119 zamku w Ogrodzie\u0144cu. Wszystkie dzia\u0142ania by\u0142y prowadzone w j\u0119zyku angielskim z pomoc\u0105 angloj\u0119zycznych przewodnik\u00f3w. Dzie\u0144 ten by\u0142 zas\u0142u\u017conym odpoczynkiem grupy hiszpa\u0144skiej po poprzednim dniu, w kt\u00f3rym uczniowie nagrywali film &#8211; jeden z g\u0142\u00f3wnych rezultat\u00f3w projektu Erasmus +. Opiek\u0119 nad uczniami w tym dniu sprawowali p. Joanna Kozaczuk oraz p. Oskar Jasiak i oczywi\u015bcie nauczyciele hiszpa\u0144scy. Dzie\u0144 pi\u0105ty to ostatni dzie\u0144 dzia\u0142a\u0144 grupy Erasmus w naszej szkole. W tym dniu uczniowie wzi\u0119li udzia\u0142 w typowych polskich lekcjach oraz w lekcji otwartej z j\u0119zyka angielskiego przygotowanej przez p. Katarzyn\u0119 Pi\u0105tek. Nast\u0119pnie przyszed\u0142 czas na po\u017cegnanie, a poniewa\u017c jest to ostatnia wizyta partnerska w tym projekcie koordynatorzy projektu postanowili po\u017cegna\u0107 oraz podzi\u0119kowa\u0107 rodzinom goszcz\u0105cym przygotowuj\u0105c wsp\u00f3lne po\u017cegnalne spotkanie wraz z pocz\u0119stunkiem w restauracji Kasjopeja. Tak oto mi\u0142ym akcentem zako\u0144czy\u0142a si\u0119 wizyta grupy hiszpa\u0144skiej w naszej szkole.<\/span><\/p>\n<p style=\"text-align: justify;\">Zapraszamy do obejrzenia <a href=\"https:\/\/zs3.rybnik.pl\/www\/20182019-2\/nggallery\/2018_2019\/Wizyta_go%C5%9Bci_z_Hiszpanii_04_2019\" target=\"_blank\">fotorelacji z wizyty<\/a>.<\/p>\n","protected":false},"excerpt":{"rendered":"<p>&#8221; template=&#8221;\/home\/zs3\/domains\/zs3.rybnik.pl\/public_html\/www\/wp-content\/plugins\/nextgen-gallery\/products\/photocrati_nextgen\/modules\/ngglegacy\/view\/gallery.php&#8221; order_by=&#8221;sortorder&#8221; order_direction=&#8221;ASC&#8221; returns=&#8221;included&#8221; maximum_entity_count=&#8221;500&#8243; display_type=&#8221;photocrati-nextgen_basic_thumbnails&#8221;] &nbsp; Poniedzia\u0142ek, 1 kwietnia 2019r. by\u0142 pierwszym dniem wizyty partnerskiej szko\u0142y La Salle La Estrella z San Asensio. Dzie\u0144 ten rozpocz\u0105\u0142 si\u0119 od przywitania hiszpa\u0144skich go\u015bci przez Pani\u0105 Wicedyrektor Agnieszk\u0119 Mier\u0119 oraz koordynator\u00f3w [&hellip;]<\/p>\n","protected":false},"author":7,"featured_media":0,"comment_status":"open","ping_status":"open","sticky":false,"template":"","format":"standard","meta":{"ngg_post_thumbnail":0},"categories":[10,1],"tags":[],"_links":{"self":[{"href":"https:\/\/zs3.rybnik.pl\/www\/wp-json\/wp\/v2\/posts\/7663"}],"collection":[{"href":"https:\/\/zs3.rybnik.pl\/www\/wp-json\/wp\/v2\/posts"}],"about":[{"href":"https:\/\/zs3.rybnik.pl\/www\/wp-json\/wp\/v2\/types\/post"}],"author":[{"embeddable":true,"href":"https:\/\/zs3.rybnik.pl\/www\/wp-json\/wp\/v2\/users\/7"}],"replies":[{"embeddable":true,"href":"https:\/\/zs3.rybnik.pl\/www\/wp-json\/wp\/v2\/comments?post=7663"}],"version-history":[{"count":3,"href":"https:\/\/zs3.rybnik.pl\/www\/wp-json\/wp\/v2\/posts\/7663\/revisions"}],"predecessor-version":[{"id":7666,"href":"https:\/\/zs3.rybnik.pl\/www\/wp-json\/wp\/v2\/posts\/7663\/revisions\/7666"}],"wp:attachment":[{"href":"https:\/\/zs3.rybnik.pl\/www\/wp-json\/wp\/v2\/media?parent=7663"}],"wp:term":[{"taxonomy":"category","embeddable":true,"href":"https:\/\/zs3.rybnik.pl\/www\/wp-json\/wp\/v2\/categories?post=7663"},{"taxonomy":"post_tag","embeddable":true,"href":"https:\/\/zs3.rybnik.pl\/www\/wp-json\/wp\/v2\/tags?post=7663"}],"curies":[{"name":"wp","href":"https:\/\/api.w.org\/{rel}","templated":true}]}}