{"id":9297,"date":"2019-12-31T12:32:50","date_gmt":"2019-12-31T11:32:50","guid":{"rendered":"http:\/\/zs3.rybnik.pl\/www\/?p=9297"},"modified":"2019-12-31T12:32:50","modified_gmt":"2019-12-31T11:32:50","slug":"9297-2","status":"publish","type":"post","link":"https:\/\/zs3.rybnik.pl\/www\/9297-2\/","title":{"rendered":""},"content":{"rendered":"<p style=\"text-align: center;\"><strong><span style=\"color: #ff0000;\">UWAGA UCZNIOWIE I RODZICE UCZNI\u00d3W ZS3 RYBNIK<\/span><\/strong><\/p>\n<p>&nbsp;<\/p>\n<p style=\"text-align: justify;\">Dyrekcja ZS 3 w Rybniku przypomina, \u017ce 2 i 3 stycznia (czwartek i pi\u0105tek) &nbsp;to dni wolne od zaj\u0119\u0107 dydaktycznych decyzj\u0105 Dyrektora szko\u0142y. W tych dniach dy\u017cur pe\u0142ni \u015bwietlica szkolna w godzinach 7.00-16.00.<\/p>\n<p style=\"text-align: justify;\">&nbsp;<\/p>\n<p style=\"text-align: justify;\">Powr\u00f3t do zaj\u0119\u0107 dydaktycznych nast\u0105pi w dniu 7 stycznia (wtorek).<\/p>\n<p>&nbsp;<\/p>\n<p style=\"text-align: justify;\">W dniach 7,8 i 9 stycznia uczniowie klas trzecich liceum przyst\u0119puj\u0105 do pr\u00f3bnego egzaminu maturalnego. Szczeg\u00f3\u0142owe informacje na temat pr\u00f3bnej matury w rozwini\u0119ciu. <span style=\"text-decoration: underline;\">W tych dniach zaj\u0119cia lekcyjne dla pozosta\u0142ych klas zar\u00f3wno liceum jak i szko\u0142y podstawowej, b\u0119d\u0105 odbywa\u0107 si\u0119 zgodnie z planem.<\/span><\/p>\n<p style=\"text-align: justify;\">&nbsp;<\/p>\n<p style=\"text-align: justify;\">&nbsp;<\/p>\n<p style=\"text-align: center;\"><span style=\"color: #ff0000;\"><strong>UWAGA UCZNIOWIE KLAS TRZECICH V LO<\/strong><\/span><\/p>\n<p style=\"text-align: center;\"><span style=\"color: #ff0000;\"><strong>PR\u00d3BNY EGZAMIN MATURALNY &#8211; TERMINY<\/strong><\/span><\/p>\n<p style=\"text-align: center;\">&nbsp;<\/p>\n<ul>\n<li><strong>J\u0118ZYK POLSKI \u2013 <span style=\"color: #0000ff;\">07.01.2020<\/span> (WTOREK), GODZ. <span style=\"color: #0000ff;\">8.30<br \/>\n<\/span><\/strong><strong>Sala nr 1 (aula), sala nr 334, sala nr 337<\/strong><\/li>\n<\/ul>\n<ul>\n<li><strong>MATEMATYKA \u2013 <span style=\"color: #0000ff;\">08.01.2020<\/span> (\u015aRODA), GODZ. <span style=\"color: #0000ff;\">8.30<br \/>\n<\/span><\/strong><strong>Sala nr 1 (aula), sala nr 334, sala nr 337<\/strong><\/li>\n<\/ul>\n<ul>\n<li><strong>J\u0118ZYK ANGIELSKI \u2013 <span style=\"color: #0000ff;\">09.01.2020<\/span> (CZWARTEK), GODZ. <span style=\"color: #0000ff;\">8.30<br \/>\n<\/span><\/strong><strong>Sala nr 1 (aula), sala nr 334, sala nr 335, sala nr 337<\/strong><\/li>\n<\/ul>\n<p style=\"text-align: justify;\"><span style=\"color: #000000;\"><strong>Przydzia\u0142 uczni\u00f3w do poszczeg\u00f3lnych sal do wgl\u0105du w gablotach przy wej\u015bciu do auli.<\/strong><\/span><\/p>\n<p>&nbsp;<\/p>\n<p style=\"text-align: justify;\"><strong><span style=\"color: #99cc00;\">Uczniowie przyst\u0119puj\u0105cy do egzaminu przychodz\u0105 do szko\u0142y na godzin\u0119 8.00. Wej\u015bcie na sale nast\u0119puje na podstawie dowodu to\u017csamo\u015bci ze zdj\u0119ciem! Zgodnie z procedurami maturalnymi, uczniowie kt\u00f3rzy b\u0119d\u0105 chcieli wej\u015b\u0107 na sal\u0119 po zako\u0144czeniu czynno\u015bci porz\u0105dkowych nie zostan\u0105 wpuszczeni.<\/span><\/strong><\/p>\n<p>&nbsp;<\/p>\n<p style=\"text-align: justify;\"><strong><span style=\"color: #0000ff;\">Uczniowie, kt\u00f3rzy nie zadeklarowali przyst\u0105pienia do egzaminu maturalnego maj\u0105 obowi\u0105zek uczestniczy\u0107 w tym czasie w zaj\u0119ciach opieku\u0144czo-wychowawczych w bibliotece.<\/span> <\/strong><\/p>\n<p>&nbsp;<\/p>\n<p style=\"text-align: justify;\"><span style=\"color: #0000ff;\"><strong>Po zako\u0144czeniu egzamin\u00f3w w poszczeg\u00f3lne dni, tzn. WTOREK-\u015aRODA od godziny 11.40 (5 lekcja), CZWARTEK od godziny 10.45(4 lekcja) zaj\u0119cia dla klas trzecich b\u0119d\u0105 odbywa\u0107 si\u0119 zgodnie z planem lekcji.<\/strong><\/span><\/p>\n<p>&nbsp;<\/p>\n<p style=\"text-align: justify;\"><span style=\"color: #ff0000;\"><strong>Uczniowie klas pierwszych i drugich liceum ucz\u0119szczaj\u0105 w tych dniach do szko\u0142y zgodnie z planem!<\/strong><\/span><\/p>\n","protected":false},"excerpt":{"rendered":"<p>UWAGA UCZNIOWIE I RODZICE UCZNI\u00d3W ZS3 RYBNIK &nbsp; Dyrekcja ZS 3 w Rybniku przypomina, \u017ce 2 i 3 stycznia (czwartek i pi\u0105tek) &nbsp;to dni wolne od zaj\u0119\u0107 dydaktycznych decyzj\u0105 Dyrektora szko\u0142y. W tych dniach dy\u017cur pe\u0142ni \u015bwietlica szkolna w godzinach [&hellip;]<\/p>\n","protected":false},"author":7,"featured_media":0,"comment_status":"open","ping_status":"open","sticky":false,"template":"","format":"standard","meta":{"ngg_post_thumbnail":0},"categories":[1],"tags":[],"_links":{"self":[{"href":"https:\/\/zs3.rybnik.pl\/www\/wp-json\/wp\/v2\/posts\/9297"}],"collection":[{"href":"https:\/\/zs3.rybnik.pl\/www\/wp-json\/wp\/v2\/posts"}],"about":[{"href":"https:\/\/zs3.rybnik.pl\/www\/wp-json\/wp\/v2\/types\/post"}],"author":[{"embeddable":true,"href":"https:\/\/zs3.rybnik.pl\/www\/wp-json\/wp\/v2\/users\/7"}],"replies":[{"embeddable":true,"href":"https:\/\/zs3.rybnik.pl\/www\/wp-json\/wp\/v2\/comments?post=9297"}],"version-history":[{"count":15,"href":"https:\/\/zs3.rybnik.pl\/www\/wp-json\/wp\/v2\/posts\/9297\/revisions"}],"predecessor-version":[{"id":9312,"href":"https:\/\/zs3.rybnik.pl\/www\/wp-json\/wp\/v2\/posts\/9297\/revisions\/9312"}],"wp:attachment":[{"href":"https:\/\/zs3.rybnik.pl\/www\/wp-json\/wp\/v2\/media?parent=9297"}],"wp:term":[{"taxonomy":"category","embeddable":true,"href":"https:\/\/zs3.rybnik.pl\/www\/wp-json\/wp\/v2\/categories?post=9297"},{"taxonomy":"post_tag","embeddable":true,"href":"https:\/\/zs3.rybnik.pl\/www\/wp-json\/wp\/v2\/tags?post=9297"}],"curies":[{"name":"wp","href":"https:\/\/api.w.org\/{rel}","templated":true}]}}